{"id":973,"date":"2016-01-02T09:29:16","date_gmt":"2016-01-02T09:29:16","guid":{"rendered":"http:\/\/fotoaragon.unizar.es\/?p=973"},"modified":"2016-12-30T08:14:01","modified_gmt":"2016-12-30T08:14:01","slug":"cronicas-graficas-ii-y-iii-o-camara-indiscreta-de-las-jornadas-sobre-investigacion-en-historia-de-la-fotografia-de-zaragoza-2015","status":"publish","type":"post","link":"http:\/\/fotoaragon.cesar.unizar.es\/?p=973","title":{"rendered":"Cr\u00f3nicas gr\u00e1ficas (II y III) o \u00abc\u00e1mara indiscreta\u00bb de las Jornadas sobre Investigaci\u00f3n en Historia de la Fotograf\u00eda de Zaragoza (2015)"},"content":{"rendered":"<p>Aprovechando estos d\u00edas de vacaciones navide\u00f1as y despu\u00e9s de haber presentado las instant\u00e1neas realizadas por una de las investigadoras asistentes a las Jornadas (en la entrada precedente), expongo a continuaci\u00f3n una galer\u00eda de im\u00e1genes seleccionadas de entre las numerosas tomas captadas por la \u00abc\u00e1mara indiscreta\u00bb y la mirada personal del ponente y buen amigo Juanjo S\u00e1nchez Garc\u00eda, durante los d\u00edas 29 y 30 de octubre de 2015. Todo un lujo de cr\u00f3nica gr\u00e1fica sobre unas Jornadas para el recuerdo.<div id='gallery-1' class='gallery galleryid-973 gallery-columns-3 gallery-size-thumbnail'><figure class='gallery-item'>\n\t\t\t<div class='gallery-icon landscape'>\n\t\t\t\t<a href='http:\/\/fotoaragon.cesar.unizar.es\/?attachment_id=1033'><img loading=\"lazy\" decoding=\"async\" width=\"150\" height=\"113\" src=\"http:\/\/fotoaragon.cesar.unizar.es\/wp-content\/uploads\/2015\/12\/1910290.jpg\" class=\"attachment-thumbnail size-thumbnail\" alt=\"\" aria-describedby=\"gallery-1-1033\" \/><\/a>\n\t\t\t<\/div>\n\t\t\t\t<figcaption class='wp-caption-text gallery-caption' id='gallery-1-1033'>\n\t\t\t\tLee Fontanella y Yolanda Fdez.-Barredo\n\t\t\t\t<\/figcaption><\/figure><figure class='gallery-item'>\n\t\t\t<div class='gallery-icon landscape'>\n\t\t\t\t<a href='http:\/\/fotoaragon.cesar.unizar.es\/?attachment_id=1034'><img loading=\"lazy\" decoding=\"async\" width=\"150\" height=\"113\" src=\"http:\/\/fotoaragon.cesar.unizar.es\/wp-content\/uploads\/2015\/12\/1910310.jpg\" class=\"attachment-thumbnail size-thumbnail\" alt=\"\" aria-describedby=\"gallery-1-1034\" \/><\/a>\n\t\t\t<\/div>\n\t\t\t\t<figcaption class='wp-caption-text gallery-caption' id='gallery-1-1034'>\n\t\t\t\tLee Fontanella y J.A. Hern\u00e1ndez Latas\n\t\t\t\t<\/figcaption><\/figure><figure class='gallery-item'>\n\t\t\t<div class='gallery-icon landscape'>\n\t\t\t\t<a href='http:\/\/fotoaragon.cesar.unizar.es\/?attachment_id=1035'><img loading=\"lazy\" decoding=\"async\" width=\"150\" height=\"113\" src=\"http:\/\/fotoaragon.cesar.unizar.es\/wp-content\/uploads\/2015\/12\/1910314.jpg\" class=\"attachment-thumbnail size-thumbnail\" alt=\"\" aria-describedby=\"gallery-1-1035\" \/><\/a>\n\t\t\t<\/div>\n\t\t\t\t<figcaption class='wp-caption-text gallery-caption' id='gallery-1-1035'>\n\t\t\t\tJuantxo Ega\u00f1a y J.A. Fdez. Rivero\n\t\t\t\t<\/figcaption><\/figure><figure class='gallery-item'>\n\t\t\t<div class='gallery-icon landscape'>\n\t\t\t\t<a href='http:\/\/fotoaragon.cesar.unizar.es\/?attachment_id=1036'><img loading=\"lazy\" decoding=\"async\" width=\"150\" height=\"113\" src=\"http:\/\/fotoaragon.cesar.unizar.es\/wp-content\/uploads\/2015\/12\/1910316.jpg\" class=\"attachment-thumbnail size-thumbnail\" alt=\"\" aria-describedby=\"gallery-1-1036\" \/><\/a>\n\t\t\t<\/div>\n\t\t\t\t<figcaption class='wp-caption-text gallery-caption' id='gallery-1-1036'>\n\t\t\t\tLee Fontanella y J.A. Fdez. Rivero\n\t\t\t\t<\/figcaption><\/figure><figure class='gallery-item'>\n\t\t\t<div class='gallery-icon portrait'>\n\t\t\t\t<a href='http:\/\/fotoaragon.cesar.unizar.es\/?attachment_id=1038'><img loading=\"lazy\" decoding=\"async\" width=\"113\" height=\"150\" src=\"http:\/\/fotoaragon.cesar.unizar.es\/wp-content\/uploads\/2015\/12\/1910320.jpg\" class=\"attachment-thumbnail size-thumbnail\" alt=\"\" aria-describedby=\"gallery-1-1038\" \/><\/a>\n\t\t\t<\/div>\n\t\t\t\t<figcaption class='wp-caption-text gallery-caption' id='gallery-1-1038'>\n\t\t\t\tRachel Bullough y Yolanda Fdez.-Barredo\n\t\t\t\t<\/figcaption><\/figure><figure class='gallery-item'>\n\t\t\t<div class='gallery-icon landscape'>\n\t\t\t\t<a href='http:\/\/fotoaragon.cesar.unizar.es\/?attachment_id=1037'><img loading=\"lazy\" decoding=\"async\" width=\"150\" height=\"113\" src=\"http:\/\/fotoaragon.cesar.unizar.es\/wp-content\/uploads\/2015\/12\/1910317.jpg\" class=\"attachment-thumbnail size-thumbnail\" alt=\"\" aria-describedby=\"gallery-1-1037\" \/><\/a>\n\t\t\t<\/div>\n\t\t\t\t<figcaption class='wp-caption-text gallery-caption' id='gallery-1-1037'>\n\t\t\t\tLee Fontanella, Yolanda Fdez.-Barredo y Javier Pi\u00f1ar\n\t\t\t\t<\/figcaption><\/figure><figure class='gallery-item'>\n\t\t\t<div class='gallery-icon landscape'>\n\t\t\t\t<a href='http:\/\/fotoaragon.cesar.unizar.es\/?attachment_id=1040'><img loading=\"lazy\" decoding=\"async\" width=\"150\" height=\"113\" src=\"http:\/\/fotoaragon.cesar.unizar.es\/wp-content\/uploads\/2015\/12\/1910346.jpg\" class=\"attachment-thumbnail size-thumbnail\" alt=\"\" aria-describedby=\"gallery-1-1040\" \/><\/a>\n\t\t\t<\/div>\n\t\t\t\t<figcaption class='wp-caption-text gallery-caption' id='gallery-1-1040'>\n\t\t\t\tPonencia de Lee Fontanella\n\t\t\t\t<\/figcaption><\/figure><figure class='gallery-item'>\n\t\t\t<div class='gallery-icon landscape'>\n\t\t\t\t<a href='http:\/\/fotoaragon.cesar.unizar.es\/?attachment_id=1041'><img loading=\"lazy\" decoding=\"async\" width=\"150\" height=\"113\" src=\"http:\/\/fotoaragon.cesar.unizar.es\/wp-content\/uploads\/2015\/12\/1910379.jpg\" class=\"attachment-thumbnail size-thumbnail\" alt=\"\" aria-describedby=\"gallery-1-1041\" \/><\/a>\n\t\t\t<\/div>\n\t\t\t\t<figcaption class='wp-caption-text gallery-caption' id='gallery-1-1041'>\n\t\t\t\tM\u00aaJos\u00e9 Rodr\u00edguez Molina y Yolanda Fdez.-Barredo en el Sal\u00f3n de Congresos de la IFC, Zaragoza\n\t\t\t\t<\/figcaption><\/figure><figure class='gallery-item'>\n\t\t\t<div class='gallery-icon landscape'>\n\t\t\t\t<a href='http:\/\/fotoaragon.cesar.unizar.es\/?attachment_id=1042'><img loading=\"lazy\" decoding=\"async\" width=\"150\" height=\"113\" src=\"http:\/\/fotoaragon.cesar.unizar.es\/wp-content\/uploads\/2015\/12\/1910392.jpg\" class=\"attachment-thumbnail size-thumbnail\" alt=\"\" aria-describedby=\"gallery-1-1042\" \/><\/a>\n\t\t\t<\/div>\n\t\t\t\t<figcaption class='wp-caption-text gallery-caption' id='gallery-1-1042'>\n\t\t\t\tJ.A. Hdez. Latas y Nadezdha Stanulevich\n\t\t\t\t<\/figcaption><\/figure><figure class='gallery-item'>\n\t\t\t<div class='gallery-icon landscape'>\n\t\t\t\t<a href='http:\/\/fotoaragon.cesar.unizar.es\/?attachment_id=1045'><img loading=\"lazy\" decoding=\"async\" width=\"150\" height=\"113\" src=\"http:\/\/fotoaragon.cesar.unizar.es\/wp-content\/uploads\/2015\/12\/1910424.jpg\" class=\"attachment-thumbnail size-thumbnail\" alt=\"\" aria-describedby=\"gallery-1-1045\" \/><\/a>\n\t\t\t<\/div>\n\t\t\t\t<figcaption class='wp-caption-text gallery-caption' id='gallery-1-1045'>\n\t\t\t\tJos\u00e9 F\u00e9lix Martos Causap\u00e9 y Reyes Utrera\n\t\t\t\t<\/figcaption><\/figure><figure class='gallery-item'>\n\t\t\t<div class='gallery-icon landscape'>\n\t\t\t\t<a href='http:\/\/fotoaragon.cesar.unizar.es\/?attachment_id=1047'><img loading=\"lazy\" decoding=\"async\" width=\"150\" height=\"113\" src=\"http:\/\/fotoaragon.cesar.unizar.es\/wp-content\/uploads\/2015\/12\/1910473.jpg\" class=\"attachment-thumbnail size-thumbnail\" alt=\"\" aria-describedby=\"gallery-1-1047\" \/><\/a>\n\t\t\t<\/div>\n\t\t\t\t<figcaption class='wp-caption-text gallery-caption' id='gallery-1-1047'>\n\t\t\t\tDetalle del encuentro nocturno\n\t\t\t\t<\/figcaption><\/figure><figure class='gallery-item'>\n\t\t\t<div class='gallery-icon landscape'>\n\t\t\t\t<a href='http:\/\/fotoaragon.cesar.unizar.es\/?attachment_id=1048'><img loading=\"lazy\" decoding=\"async\" width=\"150\" height=\"113\" src=\"http:\/\/fotoaragon.cesar.unizar.es\/wp-content\/uploads\/2015\/12\/1910478.jpg\" class=\"attachment-thumbnail size-thumbnail\" alt=\"\" aria-describedby=\"gallery-1-1048\" \/><\/a>\n\t\t\t<\/div>\n\t\t\t\t<figcaption class='wp-caption-text gallery-caption' id='gallery-1-1048'>\n\t\t\t\tTomando un picoteo nocturno\n\t\t\t\t<\/figcaption><\/figure><figure class='gallery-item'>\n\t\t\t<div class='gallery-icon landscape'>\n\t\t\t\t<a href='http:\/\/fotoaragon.cesar.unizar.es\/?attachment_id=1049'><img loading=\"lazy\" decoding=\"async\" width=\"150\" height=\"113\" src=\"http:\/\/fotoaragon.cesar.unizar.es\/wp-content\/uploads\/2015\/12\/1910480.jpg\" class=\"attachment-thumbnail size-thumbnail\" alt=\"\" aria-describedby=\"gallery-1-1049\" \/><\/a>\n\t\t\t<\/div>\n\t\t\t\t<figcaption class='wp-caption-text gallery-caption' id='gallery-1-1049'>\n\t\t\t\tPicoteo nocturno\n\t\t\t\t<\/figcaption><\/figure><figure class='gallery-item'>\n\t\t\t<div class='gallery-icon landscape'>\n\t\t\t\t<a href='http:\/\/fotoaragon.cesar.unizar.es\/?attachment_id=1050'><img loading=\"lazy\" decoding=\"async\" width=\"150\" height=\"113\" src=\"http:\/\/fotoaragon.cesar.unizar.es\/wp-content\/uploads\/2015\/12\/1910504.jpg\" class=\"attachment-thumbnail size-thumbnail\" alt=\"\" aria-describedby=\"gallery-1-1050\" \/><\/a>\n\t\t\t<\/div>\n\t\t\t\t<figcaption class='wp-caption-text gallery-caption' id='gallery-1-1050'>\n\t\t\t\tStella Ib\u00e1\u00f1ez y Paco Boisset\n\t\t\t\t<\/figcaption><\/figure><figure class='gallery-item'>\n\t\t\t<div class='gallery-icon landscape'>\n\t\t\t\t<a href='http:\/\/fotoaragon.cesar.unizar.es\/?attachment_id=1052'><img loading=\"lazy\" decoding=\"async\" width=\"150\" height=\"113\" src=\"http:\/\/fotoaragon.cesar.unizar.es\/wp-content\/uploads\/2015\/12\/1910514.jpg\" class=\"attachment-thumbnail size-thumbnail\" alt=\"\" aria-describedby=\"gallery-1-1052\" \/><\/a>\n\t\t\t<\/div>\n\t\t\t\t<figcaption class='wp-caption-text gallery-caption' id='gallery-1-1052'>\n\t\t\t\tStella Ib\u00e1\u00f1ez\n\t\t\t\t<\/figcaption><\/figure><figure class='gallery-item'>\n\t\t\t<div class='gallery-icon landscape'>\n\t\t\t\t<a href='http:\/\/fotoaragon.cesar.unizar.es\/?attachment_id=1051'><img loading=\"lazy\" decoding=\"async\" width=\"150\" height=\"113\" src=\"http:\/\/fotoaragon.cesar.unizar.es\/wp-content\/uploads\/2015\/12\/1910513.jpg\" class=\"attachment-thumbnail size-thumbnail\" alt=\"\" aria-describedby=\"gallery-1-1051\" \/><\/a>\n\t\t\t<\/div>\n\t\t\t\t<figcaption class='wp-caption-text gallery-caption' id='gallery-1-1051'>\n\t\t\t\tFrancisco Boisset\n\t\t\t\t<\/figcaption><\/figure><figure class='gallery-item'>\n\t\t\t<div class='gallery-icon landscape'>\n\t\t\t\t<a href='http:\/\/fotoaragon.cesar.unizar.es\/?attachment_id=1053'><img loading=\"lazy\" decoding=\"async\" width=\"150\" height=\"113\" src=\"http:\/\/fotoaragon.cesar.unizar.es\/wp-content\/uploads\/2015\/12\/1910559.jpg\" class=\"attachment-thumbnail size-thumbnail\" alt=\"\" aria-describedby=\"gallery-1-1053\" \/><\/a>\n\t\t\t<\/div>\n\t\t\t\t<figcaption class='wp-caption-text gallery-caption' id='gallery-1-1053'>\n\t\t\t\tPonencia-demostraci\u00f3n de Boisset &#038; Ib\u00e1\u00f1ez\n\t\t\t\t<\/figcaption><\/figure><figure class='gallery-item'>\n\t\t\t<div class='gallery-icon landscape'>\n\t\t\t\t<a href='http:\/\/fotoaragon.cesar.unizar.es\/?attachment_id=1054'><img loading=\"lazy\" decoding=\"async\" width=\"150\" height=\"113\" src=\"http:\/\/fotoaragon.cesar.unizar.es\/wp-content\/uploads\/2015\/12\/1910578.jpg\" class=\"attachment-thumbnail size-thumbnail\" alt=\"\" aria-describedby=\"gallery-1-1054\" \/><\/a>\n\t\t\t<\/div>\n\t\t\t\t<figcaption class='wp-caption-text gallery-caption' id='gallery-1-1054'>\n\t\t\t\tJuan Antonio Fdez, Rivero\n\t\t\t\t<\/figcaption><\/figure><figure class='gallery-item'>\n\t\t\t<div class='gallery-icon landscape'>\n\t\t\t\t<a href='http:\/\/fotoaragon.cesar.unizar.es\/?attachment_id=1055'><img loading=\"lazy\" decoding=\"async\" width=\"150\" height=\"113\" src=\"http:\/\/fotoaragon.cesar.unizar.es\/wp-content\/uploads\/2015\/12\/1910644.jpg\" class=\"attachment-thumbnail size-thumbnail\" alt=\"\" aria-describedby=\"gallery-1-1055\" \/><\/a>\n\t\t\t<\/div>\n\t\t\t\t<figcaption class='wp-caption-text gallery-caption' id='gallery-1-1055'>\n\t\t\t\tDisfrutando de la luz solar\n\t\t\t\t<\/figcaption><\/figure><figure class='gallery-item'>\n\t\t\t<div class='gallery-icon landscape'>\n\t\t\t\t<a href='http:\/\/fotoaragon.cesar.unizar.es\/?attachment_id=1056'><img loading=\"lazy\" decoding=\"async\" width=\"150\" height=\"113\" src=\"http:\/\/fotoaragon.cesar.unizar.es\/wp-content\/uploads\/2015\/12\/1910648.jpg\" class=\"attachment-thumbnail size-thumbnail\" alt=\"\" aria-describedby=\"gallery-1-1056\" \/><\/a>\n\t\t\t<\/div>\n\t\t\t\t<figcaption class='wp-caption-text gallery-caption' id='gallery-1-1056'>\n\t\t\t\tYolanda Fdez.-Barredo, M\u00aa Jos\u00e9 Rodr\u00edguez, Jos\u00e9 Ram\u00f3n Sanch\u00eds y J.F. Martos Causap\u00e9\n\t\t\t\t<\/figcaption><\/figure><figure class='gallery-item'>\n\t\t\t<div class='gallery-icon landscape'>\n\t\t\t\t<a href='http:\/\/fotoaragon.cesar.unizar.es\/?attachment_id=1057'><img loading=\"lazy\" decoding=\"async\" width=\"150\" height=\"113\" src=\"http:\/\/fotoaragon.cesar.unizar.es\/wp-content\/uploads\/2015\/12\/1910660.jpg\" class=\"attachment-thumbnail size-thumbnail\" alt=\"\" aria-describedby=\"gallery-1-1057\" \/><\/a>\n\t\t\t<\/div>\n\t\t\t\t<figcaption class='wp-caption-text gallery-caption' id='gallery-1-1057'>\n\t\t\t\tRa\u00fal Hevia y Giulia Cucinella\n\t\t\t\t<\/figcaption><\/figure><figure class='gallery-item'>\n\t\t\t<div class='gallery-icon landscape'>\n\t\t\t\t<a href='http:\/\/fotoaragon.cesar.unizar.es\/?attachment_id=1058'><img loading=\"lazy\" decoding=\"async\" width=\"150\" height=\"113\" src=\"http:\/\/fotoaragon.cesar.unizar.es\/wp-content\/uploads\/2015\/12\/1910716.jpg\" class=\"attachment-thumbnail size-thumbnail\" alt=\"\" aria-describedby=\"gallery-1-1058\" \/><\/a>\n\t\t\t<\/div>\n\t\t\t\t<figcaption class='wp-caption-text gallery-caption' id='gallery-1-1058'>\n\t\t\t\tRaquel Estevan y Yolanda Fdez. Barredo\n\t\t\t\t<\/figcaption><\/figure><figure class='gallery-item'>\n\t\t\t<div class='gallery-icon landscape'>\n\t\t\t\t<a href='http:\/\/fotoaragon.cesar.unizar.es\/?attachment_id=1059'><img loading=\"lazy\" decoding=\"async\" width=\"150\" height=\"113\" src=\"http:\/\/fotoaragon.cesar.unizar.es\/wp-content\/uploads\/2015\/12\/1910730.jpg\" class=\"attachment-thumbnail size-thumbnail\" alt=\"\" aria-describedby=\"gallery-1-1059\" \/><\/a>\n\t\t\t<\/div>\n\t\t\t\t<figcaption class='wp-caption-text gallery-caption' id='gallery-1-1059'>\n\t\t\t\tAlejandro Almaz\u00e1n y Carlos Teixidor\n\t\t\t\t<\/figcaption><\/figure><figure class='gallery-item'>\n\t\t\t<div class='gallery-icon landscape'>\n\t\t\t\t<a href='http:\/\/fotoaragon.cesar.unizar.es\/?attachment_id=1060'><img loading=\"lazy\" decoding=\"async\" width=\"150\" height=\"113\" src=\"http:\/\/fotoaragon.cesar.unizar.es\/wp-content\/uploads\/2015\/12\/1910741.jpg\" class=\"attachment-thumbnail size-thumbnail\" alt=\"\" aria-describedby=\"gallery-1-1060\" \/><\/a>\n\t\t\t<\/div>\n\t\t\t\t<figcaption class='wp-caption-text gallery-caption' id='gallery-1-1060'>\n\t\t\t\tDecidiendo d\u00f3nde comer\n\t\t\t\t<\/figcaption><\/figure><figure class='gallery-item'>\n\t\t\t<div class='gallery-icon landscape'>\n\t\t\t\t<a href='http:\/\/fotoaragon.cesar.unizar.es\/?attachment_id=1061'><img loading=\"lazy\" decoding=\"async\" width=\"150\" height=\"113\" src=\"http:\/\/fotoaragon.cesar.unizar.es\/wp-content\/uploads\/2015\/12\/1910742.jpg\" class=\"attachment-thumbnail size-thumbnail\" alt=\"\" aria-describedby=\"gallery-1-1061\" \/><\/a>\n\t\t\t<\/div>\n\t\t\t\t<figcaption class='wp-caption-text gallery-caption' id='gallery-1-1061'>\n\t\t\t\tJornada soleada\u00a1\u00a1\u00a1\n\t\t\t\t<\/figcaption><\/figure><figure class='gallery-item'>\n\t\t\t<div class='gallery-icon landscape'>\n\t\t\t\t<a href='http:\/\/fotoaragon.cesar.unizar.es\/?attachment_id=1062'><img loading=\"lazy\" decoding=\"async\" width=\"150\" height=\"113\" src=\"http:\/\/fotoaragon.cesar.unizar.es\/wp-content\/uploads\/2015\/12\/1910744.jpg\" class=\"attachment-thumbnail size-thumbnail\" alt=\"\" aria-describedby=\"gallery-1-1062\" \/><\/a>\n\t\t\t<\/div>\n\t\t\t\t<figcaption class='wp-caption-text gallery-caption' id='gallery-1-1062'>\n\t\t\t\tContrapicado con cielo azul\n\t\t\t\t<\/figcaption><\/figure><figure class='gallery-item'>\n\t\t\t<div class='gallery-icon landscape'>\n\t\t\t\t<a href='http:\/\/fotoaragon.cesar.unizar.es\/?attachment_id=1063'><img loading=\"lazy\" decoding=\"async\" width=\"150\" height=\"113\" src=\"http:\/\/fotoaragon.cesar.unizar.es\/wp-content\/uploads\/2015\/12\/1910752.jpg\" class=\"attachment-thumbnail size-thumbnail\" alt=\"\" aria-describedby=\"gallery-1-1063\" \/><\/a>\n\t\t\t<\/div>\n\t\t\t\t<figcaption class='wp-caption-text gallery-caption' id='gallery-1-1063'>\n\t\t\t\tVamos a comer\n\t\t\t\t<\/figcaption><\/figure><figure class='gallery-item'>\n\t\t\t<div class='gallery-icon landscape'>\n\t\t\t\t<a href='http:\/\/fotoaragon.cesar.unizar.es\/?attachment_id=1064'><img loading=\"lazy\" decoding=\"async\" width=\"150\" height=\"113\" src=\"http:\/\/fotoaragon.cesar.unizar.es\/wp-content\/uploads\/2015\/12\/1910761.jpg\" class=\"attachment-thumbnail size-thumbnail\" alt=\"\" aria-describedby=\"gallery-1-1064\" \/><\/a>\n\t\t\t<\/div>\n\t\t\t\t<figcaption class='wp-caption-text gallery-caption' id='gallery-1-1064'>\n\t\t\t\t\u00bfComo nos lo pensemos mucho?\n\t\t\t\t<\/figcaption><\/figure><figure class='gallery-item'>\n\t\t\t<div class='gallery-icon landscape'>\n\t\t\t\t<a href='http:\/\/fotoaragon.cesar.unizar.es\/?attachment_id=1065'><img loading=\"lazy\" decoding=\"async\" width=\"150\" height=\"113\" src=\"http:\/\/fotoaragon.cesar.unizar.es\/wp-content\/uploads\/2015\/12\/1910762.jpg\" class=\"attachment-thumbnail size-thumbnail\" alt=\"\" aria-describedby=\"gallery-1-1065\" \/><\/a>\n\t\t\t<\/div>\n\t\t\t\t<figcaption class='wp-caption-text gallery-caption' id='gallery-1-1065'>\n\t\t\t\t\u00bfNos decidimos a entrar?\n\t\t\t\t<\/figcaption><\/figure><figure class='gallery-item'>\n\t\t\t<div class='gallery-icon landscape'>\n\t\t\t\t<a href='http:\/\/fotoaragon.cesar.unizar.es\/?attachment_id=1066'><img loading=\"lazy\" decoding=\"async\" width=\"150\" height=\"113\" src=\"http:\/\/fotoaragon.cesar.unizar.es\/wp-content\/uploads\/2015\/12\/1910769.jpg\" class=\"attachment-thumbnail size-thumbnail\" alt=\"\" aria-describedby=\"gallery-1-1066\" \/><\/a>\n\t\t\t<\/div>\n\t\t\t\t<figcaption class='wp-caption-text gallery-caption' id='gallery-1-1066'>\n\t\t\t\tLee Fontanella y Rachel Bullough \n\t\t\t\t<\/figcaption><\/figure><figure class='gallery-item'>\n\t\t\t<div class='gallery-icon landscape'>\n\t\t\t\t<a href='http:\/\/fotoaragon.cesar.unizar.es\/?attachment_id=1067'><img loading=\"lazy\" decoding=\"async\" width=\"150\" height=\"113\" src=\"http:\/\/fotoaragon.cesar.unizar.es\/wp-content\/uploads\/2015\/12\/1910778.jpg\" class=\"attachment-thumbnail size-thumbnail\" alt=\"\" aria-describedby=\"gallery-1-1067\" \/><\/a>\n\t\t\t<\/div>\n\t\t\t\t<figcaption class='wp-caption-text gallery-caption' id='gallery-1-1067'>\n\t\t\t\tJugando con los filtros de color\n\t\t\t\t<\/figcaption><\/figure><figure class='gallery-item'>\n\t\t\t<div class='gallery-icon landscape'>\n\t\t\t\t<a href='http:\/\/fotoaragon.cesar.unizar.es\/?attachment_id=1068'><img loading=\"lazy\" decoding=\"async\" width=\"150\" height=\"113\" src=\"http:\/\/fotoaragon.cesar.unizar.es\/wp-content\/uploads\/2015\/12\/1910782.jpg\" class=\"attachment-thumbnail size-thumbnail\" alt=\"\" aria-describedby=\"gallery-1-1068\" \/><\/a>\n\t\t\t<\/div>\n\t\t\t\t<figcaption class='wp-caption-text gallery-caption' id='gallery-1-1068'>\n\t\t\t\tPanor\u00e1mica esperando la comida\n\t\t\t\t<\/figcaption><\/figure><figure class='gallery-item'>\n\t\t\t<div class='gallery-icon landscape'>\n\t\t\t\t<a href='http:\/\/fotoaragon.cesar.unizar.es\/?attachment_id=1070'><img loading=\"lazy\" decoding=\"async\" width=\"150\" height=\"113\" src=\"http:\/\/fotoaragon.cesar.unizar.es\/wp-content\/uploads\/2015\/12\/1910796.jpg\" class=\"attachment-thumbnail size-thumbnail\" alt=\"\" aria-describedby=\"gallery-1-1070\" \/><\/a>\n\t\t\t<\/div>\n\t\t\t\t<figcaption class='wp-caption-text gallery-caption' id='gallery-1-1070'>\n\t\t\t\tJ.A. Hdez. Latas y Alberto Bayod conversando\n\t\t\t\t<\/figcaption><\/figure><figure class='gallery-item'>\n\t\t\t<div class='gallery-icon landscape'>\n\t\t\t\t<a href='http:\/\/fotoaragon.cesar.unizar.es\/?attachment_id=1071'><img loading=\"lazy\" decoding=\"async\" width=\"150\" height=\"113\" src=\"http:\/\/fotoaragon.cesar.unizar.es\/wp-content\/uploads\/2015\/12\/1910802.jpg\" class=\"attachment-thumbnail size-thumbnail\" alt=\"\" aria-describedby=\"gallery-1-1071\" \/><\/a>\n\t\t\t<\/div>\n\t\t\t\t<figcaption class='wp-caption-text gallery-caption' id='gallery-1-1071'>\n\t\t\t\tLee Fontanella conversando\n\t\t\t\t<\/figcaption><\/figure><figure class='gallery-item'>\n\t\t\t<div class='gallery-icon landscape'>\n\t\t\t\t<a href='http:\/\/fotoaragon.cesar.unizar.es\/?attachment_id=1072'><img loading=\"lazy\" decoding=\"async\" width=\"150\" height=\"113\" src=\"http:\/\/fotoaragon.cesar.unizar.es\/wp-content\/uploads\/2015\/12\/1910810.jpg\" class=\"attachment-thumbnail size-thumbnail\" alt=\"\" aria-describedby=\"gallery-1-1072\" \/><\/a>\n\t\t\t<\/div>\n\t\t\t\t<figcaption class='wp-caption-text gallery-caption' id='gallery-1-1072'>\n\t\t\t\tDepartiendo durante el almuerzo\n\t\t\t\t<\/figcaption><\/figure><figure class='gallery-item'>\n\t\t\t<div class='gallery-icon landscape'>\n\t\t\t\t<a href='http:\/\/fotoaragon.cesar.unizar.es\/?attachment_id=1073'><img loading=\"lazy\" decoding=\"async\" width=\"150\" height=\"113\" src=\"http:\/\/fotoaragon.cesar.unizar.es\/wp-content\/uploads\/2015\/12\/1910819.jpg\" class=\"attachment-thumbnail size-thumbnail\" alt=\"\" aria-describedby=\"gallery-1-1073\" \/><\/a>\n\t\t\t<\/div>\n\t\t\t\t<figcaption class='wp-caption-text gallery-caption' id='gallery-1-1073'>\n\t\t\t\tHomenaje a las vanguardias\n\t\t\t\t<\/figcaption><\/figure><figure class='gallery-item'>\n\t\t\t<div class='gallery-icon landscape'>\n\t\t\t\t<a href='http:\/\/fotoaragon.cesar.unizar.es\/?attachment_id=1074'><img loading=\"lazy\" decoding=\"async\" width=\"150\" height=\"113\" src=\"http:\/\/fotoaragon.cesar.unizar.es\/wp-content\/uploads\/2015\/12\/1910828.jpg\" class=\"attachment-thumbnail size-thumbnail\" alt=\"\" aria-describedby=\"gallery-1-1074\" \/><\/a>\n\t\t\t<\/div>\n\t\t\t\t<figcaption class='wp-caption-text gallery-caption' id='gallery-1-1074'>\n\t\t\t\tJos\u00e9 Antonio Hdez. Latas\n\t\t\t\t<\/figcaption><\/figure><figure class='gallery-item'>\n\t\t\t<div class='gallery-icon landscape'>\n\t\t\t\t<a href='http:\/\/fotoaragon.cesar.unizar.es\/?attachment_id=1069'><img loading=\"lazy\" decoding=\"async\" width=\"150\" height=\"113\" src=\"http:\/\/fotoaragon.cesar.unizar.es\/wp-content\/uploads\/2015\/12\/1910787.jpg\" class=\"attachment-thumbnail size-thumbnail\" alt=\"\" aria-describedby=\"gallery-1-1069\" \/><\/a>\n\t\t\t<\/div>\n\t\t\t\t<figcaption class='wp-caption-text gallery-caption' id='gallery-1-1069'>\n\t\t\t\tRetrato distendido\n\t\t\t\t<\/figcaption><\/figure><figure class='gallery-item'>\n\t\t\t<div class='gallery-icon landscape'>\n\t\t\t\t<a href='http:\/\/fotoaragon.cesar.unizar.es\/?attachment_id=1075'><img loading=\"lazy\" decoding=\"async\" width=\"150\" height=\"113\" src=\"http:\/\/fotoaragon.cesar.unizar.es\/wp-content\/uploads\/2015\/12\/1910871.jpg\" class=\"attachment-thumbnail size-thumbnail\" alt=\"\" aria-describedby=\"gallery-1-1075\" \/><\/a>\n\t\t\t<\/div>\n\t\t\t\t<figcaption class='wp-caption-text gallery-caption' id='gallery-1-1075'>\n\t\t\t\tJuanjo S\u00e1nchez Garc\u00eda, autor de las im\u00e1genes\n\t\t\t\t<\/figcaption><\/figure><figure class='gallery-item'>\n\t\t\t<div class='gallery-icon landscape'>\n\t\t\t\t<a href='http:\/\/fotoaragon.cesar.unizar.es\/?attachment_id=1076'><img loading=\"lazy\" decoding=\"async\" width=\"150\" height=\"113\" src=\"http:\/\/fotoaragon.cesar.unizar.es\/wp-content\/uploads\/2015\/12\/1910873.jpg\" class=\"attachment-thumbnail size-thumbnail\" alt=\"\" aria-describedby=\"gallery-1-1076\" \/><\/a>\n\t\t\t<\/div>\n\t\t\t\t<figcaption class='wp-caption-text gallery-caption' id='gallery-1-1076'>\n\t\t\t\tCarlos Teixidor y Stella Ib\u00e1\u00f1ez\n\t\t\t\t<\/figcaption><\/figure><figure class='gallery-item'>\n\t\t\t<div class='gallery-icon landscape'>\n\t\t\t\t<a href='http:\/\/fotoaragon.cesar.unizar.es\/?attachment_id=1077'><img loading=\"lazy\" decoding=\"async\" width=\"150\" height=\"113\" src=\"http:\/\/fotoaragon.cesar.unizar.es\/wp-content\/uploads\/2015\/12\/1910925.jpg\" class=\"attachment-thumbnail size-thumbnail\" alt=\"\" aria-describedby=\"gallery-1-1077\" \/><\/a>\n\t\t\t<\/div>\n\t\t\t\t<figcaption class='wp-caption-text gallery-caption' id='gallery-1-1077'>\n\t\t\t\tDespu\u00e9s de la comida\n\t\t\t\t<\/figcaption><\/figure><figure class='gallery-item'>\n\t\t\t<div class='gallery-icon landscape'>\n\t\t\t\t<a href='http:\/\/fotoaragon.cesar.unizar.es\/?attachment_id=1078'><img loading=\"lazy\" decoding=\"async\" width=\"150\" height=\"113\" src=\"http:\/\/fotoaragon.cesar.unizar.es\/wp-content\/uploads\/2015\/12\/1910926.jpg\" class=\"attachment-thumbnail size-thumbnail\" alt=\"\" aria-describedby=\"gallery-1-1078\" \/><\/a>\n\t\t\t<\/div>\n\t\t\t\t<figcaption class='wp-caption-text gallery-caption' id='gallery-1-1078'>\n\t\t\t\tDespu\u00e9s de comer\n\t\t\t\t<\/figcaption><\/figure><figure class='gallery-item'>\n\t\t\t<div class='gallery-icon landscape'>\n\t\t\t\t<a href='http:\/\/fotoaragon.cesar.unizar.es\/?attachment_id=1079'><img loading=\"lazy\" decoding=\"async\" width=\"150\" height=\"113\" src=\"http:\/\/fotoaragon.cesar.unizar.es\/wp-content\/uploads\/2015\/12\/1910930.jpg\" class=\"attachment-thumbnail size-thumbnail\" alt=\"\" aria-describedby=\"gallery-1-1079\" \/><\/a>\n\t\t\t<\/div>\n\t\t\t\t<figcaption class='wp-caption-text gallery-caption' id='gallery-1-1079'>\n\t\t\t\tDespu\u00e9s de comer\n\t\t\t\t<\/figcaption><\/figure><figure class='gallery-item'>\n\t\t\t<div class='gallery-icon landscape'>\n\t\t\t\t<a href='http:\/\/fotoaragon.cesar.unizar.es\/?attachment_id=1080'><img loading=\"lazy\" decoding=\"async\" width=\"150\" height=\"113\" src=\"http:\/\/fotoaragon.cesar.unizar.es\/wp-content\/uploads\/2015\/12\/1910932.jpg\" class=\"attachment-thumbnail size-thumbnail\" alt=\"\" aria-describedby=\"gallery-1-1080\" \/><\/a>\n\t\t\t<\/div>\n\t\t\t\t<figcaption class='wp-caption-text gallery-caption' id='gallery-1-1080'>\n\t\t\t\tDespu\u00e9s de comer\n\t\t\t\t<\/figcaption><\/figure><figure class='gallery-item'>\n\t\t\t<div class='gallery-icon landscape'>\n\t\t\t\t<a href='http:\/\/fotoaragon.cesar.unizar.es\/?attachment_id=1043'><img loading=\"lazy\" decoding=\"async\" width=\"150\" height=\"113\" src=\"http:\/\/fotoaragon.cesar.unizar.es\/wp-content\/uploads\/2015\/12\/1910402.jpg\" class=\"attachment-thumbnail size-thumbnail\" alt=\"\" aria-describedby=\"gallery-1-1043\" \/><\/a>\n\t\t\t<\/div>\n\t\t\t\t<figcaption class='wp-caption-text gallery-caption' id='gallery-1-1043'>\n\t\t\t\tJ.A. Hern\u00e1ndez Latas, Lee Fontanella y J.M. S\u00e1nchez Vigil\n\t\t\t\t<\/figcaption><\/figure><figure class='gallery-item'>\n\t\t\t<div class='gallery-icon landscape'>\n\t\t\t\t<a href='http:\/\/fotoaragon.cesar.unizar.es\/?attachment_id=1044'><img loading=\"lazy\" decoding=\"async\" width=\"150\" height=\"113\" src=\"http:\/\/fotoaragon.cesar.unizar.es\/wp-content\/uploads\/2015\/12\/1910404.jpg\" class=\"attachment-thumbnail size-thumbnail\" alt=\"\" aria-describedby=\"gallery-1-1044\" \/><\/a>\n\t\t\t<\/div>\n\t\t\t\t<figcaption class='wp-caption-text gallery-caption' id='gallery-1-1044'>\n\t\t\t\tJ.A. Hdez. Latas y Jos\u00e9 Antonio Torcida\n\t\t\t\t<\/figcaption><\/figure>\n\t\t<\/div>\n<\/p>\n<p>Por si este interesante reportaje de Juanjo S\u00e1nchez os hubiera sabido a poco, todav\u00eda quiero aprovechar el final de esta entrada para incluir las poqu\u00edsimas fotograf\u00edas que, personalmente, tuve energ\u00edas de tomar durante las Jornadas, m\u00e1s bien durante un momento de asueto de las mismas. El picoteo nocturno que tuvo lugar el jueves d\u00eda 29 de octubre de 2015.<div id='gallery-2' class='gallery galleryid-973 gallery-columns-2 gallery-size-thumbnail'><figure class='gallery-item'>\n\t\t\t<div class='gallery-icon landscape'>\n\t\t\t\t<a href='http:\/\/fotoaragon.cesar.unizar.es\/?attachment_id=1087'><img loading=\"lazy\" decoding=\"async\" width=\"150\" height=\"84\" src=\"http:\/\/fotoaragon.cesar.unizar.es\/wp-content\/uploads\/2016\/01\/jpg\" class=\"attachment-thumbnail size-thumbnail\" alt=\"\" aria-describedby=\"gallery-2-1087\" \/><\/a>\n\t\t\t<\/div>\n\t\t\t\t<figcaption class='wp-caption-text gallery-caption' id='gallery-2-1087'>\n\t\t\t\tYolanda Fdez.-Barredo, Bernab\u00e9 Moya, Carlos Teixidor y Paco Boisset \n\t\t\t\t<\/figcaption><\/figure><figure class='gallery-item'>\n\t\t\t<div class='gallery-icon landscape'>\n\t\t\t\t<a href='http:\/\/fotoaragon.cesar.unizar.es\/?attachment_id=1088'><img loading=\"lazy\" decoding=\"async\" width=\"150\" height=\"84\" src=\"http:\/\/fotoaragon.cesar.unizar.es\/wp-content\/uploads\/2016\/01\/jpg1\" class=\"attachment-thumbnail size-thumbnail\" alt=\"\" aria-describedby=\"gallery-2-1088\" \/><\/a>\n\t\t\t<\/div>\n\t\t\t\t<figcaption class='wp-caption-text gallery-caption' id='gallery-2-1088'>\n\t\t\t\tJos\u00e9 Ram\u00f3n Sanch\u00eds, M\u00aa Jos\u00e9 Rodr\u00edguez, Juanjo S\u00e1nchez, Yolanda Fdez. Barredo y Bernab\u00e9 Moya departiendo\n\t\t\t\t<\/figcaption><\/figure><figure class='gallery-item'>\n\t\t\t<div class='gallery-icon landscape'>\n\t\t\t\t<a href='http:\/\/fotoaragon.cesar.unizar.es\/?attachment_id=1089'><img loading=\"lazy\" decoding=\"async\" width=\"150\" height=\"84\" src=\"http:\/\/fotoaragon.cesar.unizar.es\/wp-content\/uploads\/2016\/01\/jpg2\" class=\"attachment-thumbnail size-thumbnail\" alt=\"\" aria-describedby=\"gallery-2-1089\" \/><\/a>\n\t\t\t<\/div>\n\t\t\t\t<figcaption class='wp-caption-text gallery-caption' id='gallery-2-1089'>\n\t\t\t\tPep Benlloch (cortado), Lidia Ortiz, Nuno Borges, Jos\u00e9 Moya, Carlos Magari\u00f1os y Alexandre Ramires\n\t\t\t\t<\/figcaption><\/figure><figure class='gallery-item'>\n\t\t\t<div class='gallery-icon landscape'>\n\t\t\t\t<a href='http:\/\/fotoaragon.cesar.unizar.es\/?attachment_id=1090'><img loading=\"lazy\" decoding=\"async\" width=\"150\" height=\"84\" src=\"http:\/\/fotoaragon.cesar.unizar.es\/wp-content\/uploads\/2016\/01\/jpg3\" class=\"attachment-thumbnail size-thumbnail\" alt=\"\" aria-describedby=\"gallery-2-1090\" \/><\/a>\n\t\t\t<\/div>\n\t\t\t\t<figcaption class='wp-caption-text gallery-caption' id='gallery-2-1090'>\n\t\t\t\tPaco Boisset, Stella Ib\u00e1\u00f1ez, Pep Benlloch, Lidia Ortiz, Alexandre Ramires y Jos\u00e9 Antonio Hern\u00e1ndez Latas\n\t\t\t\t<\/figcaption><\/figure>\n\t\t<\/div>\n<\/p>\n","protected":false},"excerpt":{"rendered":"<p>Aprovechando estos d\u00edas de vacaciones navide\u00f1as y despu\u00e9s de haber presentado las instant\u00e1neas realizadas por una de las investigadoras asistentes a las Jornadas (en la entrada precedente), expongo a continuaci\u00f3n una galer\u00eda de im\u00e1genes seleccionadas de entre las numerosas tomas captadas por la \u00abc\u00e1mara indiscreta\u00bb y la mirada personal del ponente y buen amigo Juanjo [&hellip;]<\/p>\n","protected":false},"author":1,"featured_media":0,"comment_status":"open","ping_status":"open","sticky":false,"template":"","format":"standard","meta":{"footnotes":""},"categories":[1],"tags":[],"class_list":["post-973","post","type-post","status-publish","format-standard","hentry","category-sin-categoria"],"_links":{"self":[{"href":"http:\/\/fotoaragon.cesar.unizar.es\/index.php?rest_route=\/wp\/v2\/posts\/973","targetHints":{"allow":["GET"]}}],"collection":[{"href":"http:\/\/fotoaragon.cesar.unizar.es\/index.php?rest_route=\/wp\/v2\/posts"}],"about":[{"href":"http:\/\/fotoaragon.cesar.unizar.es\/index.php?rest_route=\/wp\/v2\/types\/post"}],"author":[{"embeddable":true,"href":"http:\/\/fotoaragon.cesar.unizar.es\/index.php?rest_route=\/wp\/v2\/users\/1"}],"replies":[{"embeddable":true,"href":"http:\/\/fotoaragon.cesar.unizar.es\/index.php?rest_route=%2Fwp%2Fv2%2Fcomments&post=973"}],"version-history":[{"count":16,"href":"http:\/\/fotoaragon.cesar.unizar.es\/index.php?rest_route=\/wp\/v2\/posts\/973\/revisions"}],"predecessor-version":[{"id":1097,"href":"http:\/\/fotoaragon.cesar.unizar.es\/index.php?rest_route=\/wp\/v2\/posts\/973\/revisions\/1097"}],"wp:attachment":[{"href":"http:\/\/fotoaragon.cesar.unizar.es\/index.php?rest_route=%2Fwp%2Fv2%2Fmedia&parent=973"}],"wp:term":[{"taxonomy":"category","embeddable":true,"href":"http:\/\/fotoaragon.cesar.unizar.es\/index.php?rest_route=%2Fwp%2Fv2%2Fcategories&post=973"},{"taxonomy":"post_tag","embeddable":true,"href":"http:\/\/fotoaragon.cesar.unizar.es\/index.php?rest_route=%2Fwp%2Fv2%2Ftags&post=973"}],"curies":[{"name":"wp","href":"https:\/\/api.w.org\/{rel}","templated":true}]}}