{"id":4383,"date":"2026-04-20T16:59:49","date_gmt":"2026-04-20T16:59:49","guid":{"rendered":"http:\/\/fotoaragon.cesar.unizar.es\/?p=4383"},"modified":"2026-04-20T17:00:49","modified_gmt":"2026-04-20T17:00:49","slug":"xix-jornadas-fotodoc-un-autor-un-libro-imagenes-impresas-facultad-de-ciencias-de-la-comunicacion-ucm-22-de-abril-de-2026","status":"publish","type":"post","link":"http:\/\/fotoaragon.cesar.unizar.es\/?p=4383","title":{"rendered":"XIX Jornadas Fotodoc: \u00abUn Autor, un Libro, Im\u00e1genes impresas\u00bb, Facultad de Ciencias de la Comunicaci\u00f3n, UCM, 22 de abril de 2026"},"content":{"rendered":"\n<p>El pr\u00f3ximo mi\u00e9rcoles tendr\u00e1 lugar una nueva edici\u00f3n de las Jornadas Fotodoc, que dirigen Antonia Salvador y Juan Miguel S\u00e1nchez Vigil, y que en esta ocasi\u00f3n se centra en la presentaci\u00f3n de las recientes novedades publicadas sobre fotograf\u00eda e imagen audiovisual. Ah\u00ed ten\u00e9is su sugerente programaci\u00f3n:<\/p>\n\n\n\n<figure class=\"wp-block-image size-large is-resized\"><a href=\"http:\/\/fotoaragon.cesar.unizar.es\/wp-content\/uploads\/2026\/04\/XIX-Jornada-Fotodoc_2026_UN-AUTOR-UN-LIBRO-Programa-1.jpg\"><img loading=\"lazy\" decoding=\"async\" width=\"644\" height=\"455\" src=\"http:\/\/fotoaragon.cesar.unizar.es\/wp-content\/uploads\/2026\/04\/XIX-Jornada-Fotodoc_2026_UN-AUTOR-UN-LIBRO-Programa-1-644x455.jpg\" alt=\"\" class=\"wp-image-4385\" style=\"aspect-ratio:1.4153988804560595;width:823px;height:auto\" srcset=\"http:\/\/fotoaragon.cesar.unizar.es\/wp-content\/uploads\/2026\/04\/XIX-Jornada-Fotodoc_2026_UN-AUTOR-UN-LIBRO-Programa-1-644x455.jpg 644w, http:\/\/fotoaragon.cesar.unizar.es\/wp-content\/uploads\/2026\/04\/XIX-Jornada-Fotodoc_2026_UN-AUTOR-UN-LIBRO-Programa-1-300x212.jpg 300w, http:\/\/fotoaragon.cesar.unizar.es\/wp-content\/uploads\/2026\/04\/XIX-Jornada-Fotodoc_2026_UN-AUTOR-UN-LIBRO-Programa-1-768x543.jpg 768w, http:\/\/fotoaragon.cesar.unizar.es\/wp-content\/uploads\/2026\/04\/XIX-Jornada-Fotodoc_2026_UN-AUTOR-UN-LIBRO-Programa-1-1536x1086.jpg 1536w, http:\/\/fotoaragon.cesar.unizar.es\/wp-content\/uploads\/2026\/04\/XIX-Jornada-Fotodoc_2026_UN-AUTOR-UN-LIBRO-Programa-1-2048x1448.jpg 2048w\" sizes=\"auto, (max-width: 644px) 100vw, 644px\" \/><\/a><\/figure>\n","protected":false},"excerpt":{"rendered":"<p>El pr\u00f3ximo mi\u00e9rcoles tendr\u00e1 lugar una nueva edici\u00f3n de las Jornadas Fotodoc, que dirigen Antonia Salvador y Juan Miguel S\u00e1nchez Vigil, y que en esta ocasi\u00f3n se centra en la presentaci\u00f3n de las recientes novedades publicadas sobre fotograf\u00eda e imagen audiovisual. Ah\u00ed ten\u00e9is su sugerente programaci\u00f3n:<\/p>\n","protected":false},"author":1,"featured_media":0,"comment_status":"open","ping_status":"open","sticky":false,"template":"","format":"standard","meta":{"footnotes":""},"categories":[1],"tags":[],"class_list":["post-4383","post","type-post","status-publish","format-standard","hentry","category-sin-categoria"],"_links":{"self":[{"href":"http:\/\/fotoaragon.cesar.unizar.es\/index.php?rest_route=\/wp\/v2\/posts\/4383","targetHints":{"allow":["GET"]}}],"collection":[{"href":"http:\/\/fotoaragon.cesar.unizar.es\/index.php?rest_route=\/wp\/v2\/posts"}],"about":[{"href":"http:\/\/fotoaragon.cesar.unizar.es\/index.php?rest_route=\/wp\/v2\/types\/post"}],"author":[{"embeddable":true,"href":"http:\/\/fotoaragon.cesar.unizar.es\/index.php?rest_route=\/wp\/v2\/users\/1"}],"replies":[{"embeddable":true,"href":"http:\/\/fotoaragon.cesar.unizar.es\/index.php?rest_route=%2Fwp%2Fv2%2Fcomments&post=4383"}],"version-history":[{"count":3,"href":"http:\/\/fotoaragon.cesar.unizar.es\/index.php?rest_route=\/wp\/v2\/posts\/4383\/revisions"}],"predecessor-version":[{"id":4388,"href":"http:\/\/fotoaragon.cesar.unizar.es\/index.php?rest_route=\/wp\/v2\/posts\/4383\/revisions\/4388"}],"wp:attachment":[{"href":"http:\/\/fotoaragon.cesar.unizar.es\/index.php?rest_route=%2Fwp%2Fv2%2Fmedia&parent=4383"}],"wp:term":[{"taxonomy":"category","embeddable":true,"href":"http:\/\/fotoaragon.cesar.unizar.es\/index.php?rest_route=%2Fwp%2Fv2%2Fcategories&post=4383"},{"taxonomy":"post_tag","embeddable":true,"href":"http:\/\/fotoaragon.cesar.unizar.es\/index.php?rest_route=%2Fwp%2Fv2%2Ftags&post=4383"}],"curies":[{"name":"wp","href":"https:\/\/api.w.org\/{rel}","templated":true}]}}