{"id":4374,"date":"2026-04-16T08:49:48","date_gmt":"2026-04-16T08:49:48","guid":{"rendered":"http:\/\/fotoaragon.cesar.unizar.es\/?p=4374"},"modified":"2026-04-16T08:57:01","modified_gmt":"2026-04-16T08:57:01","slug":"exposicion-dolores-gil-de-pardo-1842-1876-primera-fotografa-aragonesa-en-la-biblioteca-maria-moliner-de-la-universidad-de-zaragoza","status":"publish","type":"post","link":"http:\/\/fotoaragon.cesar.unizar.es\/?p=4374","title":{"rendered":"Exposici\u00f3n \u00abDolores Gil de Pardo (1842\u20131876) primera fot\u00f3grafa aragonesa\u00bb en la Biblioteca Mar\u00eda Moliner de la Universidad de Zaragoza"},"content":{"rendered":"\n<p>La&nbsp;<a href=\"https:\/\/biblioteca.unizar.es\/bibliotecas\/biblioteca-maria-moliner\" target=\"_blank\" rel=\"noreferrer noopener\">Biblioteca de Humanidades Mar\u00eda Moliner<\/a>&nbsp;acoge la exposici\u00f3n de fotograf\u00eda \u201cDolores Gil de Pardo (1842\u20131876) primera fot\u00f3grafa aragonesa\u201d.&nbsp;<\/p>\n\n\n\n<p>La muestra contribuye a dar m\u00e1s visibilidad al papel de la mujer en la historia de la fotograf\u00eda a partir de la figura de Dolores Gil Pardo (1842\u20131876), una de las pioneras de la fotograf\u00eda en Arag\u00f3n durante la segunda mitad del siglo XIX.&nbsp;&nbsp;<\/p>\n\n\n\n<p>La exposici\u00f3n ha sido realizada a partir del trabajo del alumnado de 3\u00ba y 4\u00ba de la asignatura \u201cGesti\u00f3n de Fondos y Colecciones de Im\u00e1genes\u201d del Grado de Informaci\u00f3n y Documentaci\u00f3n, bajo la coordinaci\u00f3n de Carmen Agust\u00edn Lacruz y Cristina Mart\u00ednez de Vega.\u00a0<\/p>\n\n\n\n<p>Esta muestra podr\u00e1 visitarse del 15 al 30 de abril, de lunes a viernes, en horario de 8:15 a 21:15 h.<\/p>\n\n\n\n<p>[Extracto de la nota de prensa publicada por la Universidad de Zaragoza, 14\/04\/2026]<\/p>\n\n\n\n<figure class=\"wp-block-image size-large\"><a href=\"http:\/\/fotoaragon.cesar.unizar.es\/wp-content\/uploads\/2026\/04\/Cartel-Dolores-Gil.jpg\"><img loading=\"lazy\" decoding=\"async\" width=\"644\" height=\"904\" src=\"http:\/\/fotoaragon.cesar.unizar.es\/wp-content\/uploads\/2026\/04\/Cartel-Dolores-Gil-644x904.jpg\" alt=\"\" class=\"wp-image-4378\" srcset=\"http:\/\/fotoaragon.cesar.unizar.es\/wp-content\/uploads\/2026\/04\/Cartel-Dolores-Gil-644x904.jpg 644w, http:\/\/fotoaragon.cesar.unizar.es\/wp-content\/uploads\/2026\/04\/Cartel-Dolores-Gil-214x300.jpg 214w, http:\/\/fotoaragon.cesar.unizar.es\/wp-content\/uploads\/2026\/04\/Cartel-Dolores-Gil-768x1078.jpg 768w, http:\/\/fotoaragon.cesar.unizar.es\/wp-content\/uploads\/2026\/04\/Cartel-Dolores-Gil.jpg 957w\" sizes=\"auto, (max-width: 644px) 100vw, 644px\" \/><\/a><\/figure>\n","protected":false},"excerpt":{"rendered":"<p>La&nbsp;Biblioteca de Humanidades Mar\u00eda Moliner&nbsp;acoge la exposici\u00f3n de fotograf\u00eda \u201cDolores Gil de Pardo (1842\u20131876) primera fot\u00f3grafa aragonesa\u201d.&nbsp; La muestra contribuye a dar m\u00e1s visibilidad al papel de la mujer en la historia de la fotograf\u00eda a partir de la figura de Dolores Gil Pardo (1842\u20131876), una de las pioneras de la fotograf\u00eda en Arag\u00f3n durante [&hellip;]<\/p>\n","protected":false},"author":1,"featured_media":0,"comment_status":"open","ping_status":"open","sticky":false,"template":"","format":"standard","meta":{"footnotes":""},"categories":[1],"tags":[],"class_list":["post-4374","post","type-post","status-publish","format-standard","hentry","category-sin-categoria"],"_links":{"self":[{"href":"http:\/\/fotoaragon.cesar.unizar.es\/index.php?rest_route=\/wp\/v2\/posts\/4374","targetHints":{"allow":["GET"]}}],"collection":[{"href":"http:\/\/fotoaragon.cesar.unizar.es\/index.php?rest_route=\/wp\/v2\/posts"}],"about":[{"href":"http:\/\/fotoaragon.cesar.unizar.es\/index.php?rest_route=\/wp\/v2\/types\/post"}],"author":[{"embeddable":true,"href":"http:\/\/fotoaragon.cesar.unizar.es\/index.php?rest_route=\/wp\/v2\/users\/1"}],"replies":[{"embeddable":true,"href":"http:\/\/fotoaragon.cesar.unizar.es\/index.php?rest_route=%2Fwp%2Fv2%2Fcomments&post=4374"}],"version-history":[{"count":6,"href":"http:\/\/fotoaragon.cesar.unizar.es\/index.php?rest_route=\/wp\/v2\/posts\/4374\/revisions"}],"predecessor-version":[{"id":4382,"href":"http:\/\/fotoaragon.cesar.unizar.es\/index.php?rest_route=\/wp\/v2\/posts\/4374\/revisions\/4382"}],"wp:attachment":[{"href":"http:\/\/fotoaragon.cesar.unizar.es\/index.php?rest_route=%2Fwp%2Fv2%2Fmedia&parent=4374"}],"wp:term":[{"taxonomy":"category","embeddable":true,"href":"http:\/\/fotoaragon.cesar.unizar.es\/index.php?rest_route=%2Fwp%2Fv2%2Fcategories&post=4374"},{"taxonomy":"post_tag","embeddable":true,"href":"http:\/\/fotoaragon.cesar.unizar.es\/index.php?rest_route=%2Fwp%2Fv2%2Ftags&post=4374"}],"curies":[{"name":"wp","href":"https:\/\/api.w.org\/{rel}","templated":true}]}}