{"id":3704,"date":"2025-05-27T14:59:49","date_gmt":"2025-05-27T14:59:49","guid":{"rendered":"http:\/\/fotoaragon.cesar.unizar.es\/?p=3704"},"modified":"2025-05-28T11:28:29","modified_gmt":"2025-05-28T11:28:29","slug":"no-hay-quinto-malo-ya-esta-a-la-venta-el-libro-de-actas-de-las-v-jornadas-sobre-investigacion-en-historia-de-la-fotografia-de-zaragoza-ifc","status":"publish","type":"post","link":"http:\/\/fotoaragon.cesar.unizar.es\/?p=3704","title":{"rendered":"No hay quinto malo!! Ya est\u00e1 a la venta el libro de actas de las \u00abV Jornadas sobre investigaci\u00f3n en Historia de la Fotograf\u00eda. 1839-1939: un siglo de fotograf\u00eda\u00bb de Zaragoza (IFC)"},"content":{"rendered":"\n<p>Tengo mucho gusto en presentaros el quinto tomo de la colecci\u00f3n de actas, correspondiente a las \u00faltimas \u00abJornadas sobre investigaci\u00f3n en Historia de la Fotograf\u00eda\u00bb que celebramos en la Instituci\u00f3n Fernando el Cat\u00f3lico (CSIC) de Zaragoza entre el 25 y 27 de octubre del pasado 2023. Gracias a todos los que participasteis en aquella brillante edici\u00f3n y, muy en especial, a todos los autores que hab\u00e9is colaborado en la publicaci\u00f3n.<\/p>\n\n\n\n<p>Nuestra colecci\u00f3n va creciendo!!<\/p>\n\n\n\n<figure class=\"wp-block-image size-large is-resized\"><a href=\"http:\/\/fotoaragon.cesar.unizar.es\/wp-content\/uploads\/2025\/05\/Libros-Jornadas-Zaragoza-copia.jpg\"><img loading=\"lazy\" decoding=\"async\" width=\"644\" height=\"617\" src=\"http:\/\/fotoaragon.cesar.unizar.es\/wp-content\/uploads\/2025\/05\/Libros-Jornadas-Zaragoza-copia-644x617.jpg\" alt=\"\" class=\"wp-image-3705\" style=\"width:840px;height:auto\" srcset=\"http:\/\/fotoaragon.cesar.unizar.es\/wp-content\/uploads\/2025\/05\/Libros-Jornadas-Zaragoza-copia-644x617.jpg 644w, http:\/\/fotoaragon.cesar.unizar.es\/wp-content\/uploads\/2025\/05\/Libros-Jornadas-Zaragoza-copia-300x287.jpg 300w, http:\/\/fotoaragon.cesar.unizar.es\/wp-content\/uploads\/2025\/05\/Libros-Jornadas-Zaragoza-copia-768x736.jpg 768w, http:\/\/fotoaragon.cesar.unizar.es\/wp-content\/uploads\/2025\/05\/Libros-Jornadas-Zaragoza-copia.jpg 1353w\" sizes=\"auto, (max-width: 644px) 100vw, 644px\" \/><\/a><\/figure>\n\n\n\n<p><\/p>\n\n\n\n<p>Quienes deseen adquirirlo, podr\u00e1n hacerlo a trav\u00e9s de la p\u00e1gina web de la Instituci\u00f3n Fernando el Cat\u00f3lico (CSIC): <a href=\"https:\/\/ifc.dpz.es\/publicaciones\/ver\/id\/4109\">https:\/\/ifc.dpz.es\/publicaciones\/ver\/id\/4109<\/a><\/p>\n","protected":false},"excerpt":{"rendered":"<p>Tengo mucho gusto en presentaros el quinto tomo de la colecci\u00f3n de actas, correspondiente a las \u00faltimas \u00abJornadas sobre investigaci\u00f3n en Historia de la Fotograf\u00eda\u00bb que celebramos en la Instituci\u00f3n Fernando el Cat\u00f3lico (CSIC) de Zaragoza entre el 25 y 27 de octubre del pasado 2023. Gracias a todos los que participasteis en aquella brillante [&hellip;]<\/p>\n","protected":false},"author":1,"featured_media":0,"comment_status":"open","ping_status":"open","sticky":false,"template":"","format":"standard","meta":{"footnotes":""},"categories":[1],"tags":[],"class_list":["post-3704","post","type-post","status-publish","format-standard","hentry","category-sin-categoria"],"_links":{"self":[{"href":"http:\/\/fotoaragon.cesar.unizar.es\/index.php?rest_route=\/wp\/v2\/posts\/3704","targetHints":{"allow":["GET"]}}],"collection":[{"href":"http:\/\/fotoaragon.cesar.unizar.es\/index.php?rest_route=\/wp\/v2\/posts"}],"about":[{"href":"http:\/\/fotoaragon.cesar.unizar.es\/index.php?rest_route=\/wp\/v2\/types\/post"}],"author":[{"embeddable":true,"href":"http:\/\/fotoaragon.cesar.unizar.es\/index.php?rest_route=\/wp\/v2\/users\/1"}],"replies":[{"embeddable":true,"href":"http:\/\/fotoaragon.cesar.unizar.es\/index.php?rest_route=%2Fwp%2Fv2%2Fcomments&post=3704"}],"version-history":[{"count":9,"href":"http:\/\/fotoaragon.cesar.unizar.es\/index.php?rest_route=\/wp\/v2\/posts\/3704\/revisions"}],"predecessor-version":[{"id":3715,"href":"http:\/\/fotoaragon.cesar.unizar.es\/index.php?rest_route=\/wp\/v2\/posts\/3704\/revisions\/3715"}],"wp:attachment":[{"href":"http:\/\/fotoaragon.cesar.unizar.es\/index.php?rest_route=%2Fwp%2Fv2%2Fmedia&parent=3704"}],"wp:term":[{"taxonomy":"category","embeddable":true,"href":"http:\/\/fotoaragon.cesar.unizar.es\/index.php?rest_route=%2Fwp%2Fv2%2Fcategories&post=3704"},{"taxonomy":"post_tag","embeddable":true,"href":"http:\/\/fotoaragon.cesar.unizar.es\/index.php?rest_route=%2Fwp%2Fv2%2Ftags&post=3704"}],"curies":[{"name":"wp","href":"https:\/\/api.w.org\/{rel}","templated":true}]}}