{"id":3620,"date":"2025-04-24T11:53:57","date_gmt":"2025-04-24T11:53:57","guid":{"rendered":"http:\/\/fotoaragon.cesar.unizar.es\/?p=3620"},"modified":"2025-04-24T11:58:45","modified_gmt":"2025-04-24T11:58:45","slug":"3620","status":"publish","type":"post","link":"http:\/\/fotoaragon.cesar.unizar.es\/?p=3620","title":{"rendered":"VI Congreso Internacional de Documentaci\u00f3n Fotogr\u00e1fica. La investigaci\u00f3n en Fotograf\u00eda, Facultad de Ciencias de la Documentaci\u00f3n (UCM), 28 y 29 de abril 2025"},"content":{"rendered":"\n<p>Adjunto el completo y muy interesante programa del <em>VI Congreso Internacional de Documentaci\u00f3n Fotogr\u00e1fica<\/em>, que tendr\u00e1 lugar pr\u00f3ximamente en la Universidad Complutense de Madrid, bajo la direcci\u00f3n de Juan Miguel S\u00e1nchez Vigil y Antonia Salvador, y que es posible seguir on line a trav\u00e9s del siguiente enlace: <strong>https:\/\/www.ucm.es\/directo<\/strong><\/p>\n\n\n\n<figure class=\"wp-block-image size-large\"><a href=\"http:\/\/fotoaragon.cesar.unizar.es\/wp-content\/uploads\/2025\/04\/VI-Congreso-Internacional-Documentacion-Fotografica_2025_Pagina_2.jpg\"><img loading=\"lazy\" decoding=\"async\" width=\"644\" height=\"911\" src=\"http:\/\/fotoaragon.cesar.unizar.es\/wp-content\/uploads\/2025\/04\/VI-Congreso-Internacional-Documentacion-Fotografica_2025_Pagina_2-644x911.jpg\" alt=\"\" class=\"wp-image-3621\" srcset=\"http:\/\/fotoaragon.cesar.unizar.es\/wp-content\/uploads\/2025\/04\/VI-Congreso-Internacional-Documentacion-Fotografica_2025_Pagina_2-644x911.jpg 644w, http:\/\/fotoaragon.cesar.unizar.es\/wp-content\/uploads\/2025\/04\/VI-Congreso-Internacional-Documentacion-Fotografica_2025_Pagina_2-212x300.jpg 212w, http:\/\/fotoaragon.cesar.unizar.es\/wp-content\/uploads\/2025\/04\/VI-Congreso-Internacional-Documentacion-Fotografica_2025_Pagina_2-768x1086.jpg 768w, http:\/\/fotoaragon.cesar.unizar.es\/wp-content\/uploads\/2025\/04\/VI-Congreso-Internacional-Documentacion-Fotografica_2025_Pagina_2-1086x1536.jpg 1086w, http:\/\/fotoaragon.cesar.unizar.es\/wp-content\/uploads\/2025\/04\/VI-Congreso-Internacional-Documentacion-Fotografica_2025_Pagina_2-1448x2048.jpg 1448w, http:\/\/fotoaragon.cesar.unizar.es\/wp-content\/uploads\/2025\/04\/VI-Congreso-Internacional-Documentacion-Fotografica_2025_Pagina_2.jpg 1654w\" sizes=\"auto, (max-width: 644px) 100vw, 644px\" \/><\/a><\/figure>\n\n\n\n<figure class=\"wp-block-image size-large\"><a href=\"http:\/\/fotoaragon.cesar.unizar.es\/wp-content\/uploads\/2025\/04\/VI-Congreso-Internacional-Documentacion-Fotografica_2025_Pagina_3.jpg\"><img loading=\"lazy\" decoding=\"async\" width=\"644\" height=\"911\" src=\"http:\/\/fotoaragon.cesar.unizar.es\/wp-content\/uploads\/2025\/04\/VI-Congreso-Internacional-Documentacion-Fotografica_2025_Pagina_3-644x911.jpg\" alt=\"\" class=\"wp-image-3622\" srcset=\"http:\/\/fotoaragon.cesar.unizar.es\/wp-content\/uploads\/2025\/04\/VI-Congreso-Internacional-Documentacion-Fotografica_2025_Pagina_3-644x911.jpg 644w, http:\/\/fotoaragon.cesar.unizar.es\/wp-content\/uploads\/2025\/04\/VI-Congreso-Internacional-Documentacion-Fotografica_2025_Pagina_3-212x300.jpg 212w, http:\/\/fotoaragon.cesar.unizar.es\/wp-content\/uploads\/2025\/04\/VI-Congreso-Internacional-Documentacion-Fotografica_2025_Pagina_3-768x1086.jpg 768w, http:\/\/fotoaragon.cesar.unizar.es\/wp-content\/uploads\/2025\/04\/VI-Congreso-Internacional-Documentacion-Fotografica_2025_Pagina_3-1086x1536.jpg 1086w, http:\/\/fotoaragon.cesar.unizar.es\/wp-content\/uploads\/2025\/04\/VI-Congreso-Internacional-Documentacion-Fotografica_2025_Pagina_3-1448x2048.jpg 1448w, http:\/\/fotoaragon.cesar.unizar.es\/wp-content\/uploads\/2025\/04\/VI-Congreso-Internacional-Documentacion-Fotografica_2025_Pagina_3.jpg 1654w\" sizes=\"auto, (max-width: 644px) 100vw, 644px\" \/><\/a><\/figure>\n\n\n\n<figure class=\"wp-block-image size-large\"><a href=\"http:\/\/fotoaragon.cesar.unizar.es\/wp-content\/uploads\/2025\/04\/VI-Congreso-Internacional-Documentacion-Fotografica_2025_Pagina_4.jpg\"><img loading=\"lazy\" decoding=\"async\" width=\"644\" height=\"911\" src=\"http:\/\/fotoaragon.cesar.unizar.es\/wp-content\/uploads\/2025\/04\/VI-Congreso-Internacional-Documentacion-Fotografica_2025_Pagina_4-644x911.jpg\" alt=\"\" class=\"wp-image-3623\" srcset=\"http:\/\/fotoaragon.cesar.unizar.es\/wp-content\/uploads\/2025\/04\/VI-Congreso-Internacional-Documentacion-Fotografica_2025_Pagina_4-644x911.jpg 644w, http:\/\/fotoaragon.cesar.unizar.es\/wp-content\/uploads\/2025\/04\/VI-Congreso-Internacional-Documentacion-Fotografica_2025_Pagina_4-212x300.jpg 212w, http:\/\/fotoaragon.cesar.unizar.es\/wp-content\/uploads\/2025\/04\/VI-Congreso-Internacional-Documentacion-Fotografica_2025_Pagina_4-768x1086.jpg 768w, http:\/\/fotoaragon.cesar.unizar.es\/wp-content\/uploads\/2025\/04\/VI-Congreso-Internacional-Documentacion-Fotografica_2025_Pagina_4-1086x1536.jpg 1086w, http:\/\/fotoaragon.cesar.unizar.es\/wp-content\/uploads\/2025\/04\/VI-Congreso-Internacional-Documentacion-Fotografica_2025_Pagina_4-1448x2048.jpg 1448w, http:\/\/fotoaragon.cesar.unizar.es\/wp-content\/uploads\/2025\/04\/VI-Congreso-Internacional-Documentacion-Fotografica_2025_Pagina_4.jpg 1654w\" sizes=\"auto, (max-width: 644px) 100vw, 644px\" \/><\/a><\/figure>\n\n\n\n<figure class=\"wp-block-image size-large\"><a href=\"http:\/\/fotoaragon.cesar.unizar.es\/wp-content\/uploads\/2025\/04\/VI-Congreso-Internacional-Documentacion-Fotografica_2025_Pagina_5.jpg\"><img loading=\"lazy\" decoding=\"async\" width=\"644\" height=\"911\" src=\"http:\/\/fotoaragon.cesar.unizar.es\/wp-content\/uploads\/2025\/04\/VI-Congreso-Internacional-Documentacion-Fotografica_2025_Pagina_5-644x911.jpg\" alt=\"\" class=\"wp-image-3624\" srcset=\"http:\/\/fotoaragon.cesar.unizar.es\/wp-content\/uploads\/2025\/04\/VI-Congreso-Internacional-Documentacion-Fotografica_2025_Pagina_5-644x911.jpg 644w, http:\/\/fotoaragon.cesar.unizar.es\/wp-content\/uploads\/2025\/04\/VI-Congreso-Internacional-Documentacion-Fotografica_2025_Pagina_5-212x300.jpg 212w, http:\/\/fotoaragon.cesar.unizar.es\/wp-content\/uploads\/2025\/04\/VI-Congreso-Internacional-Documentacion-Fotografica_2025_Pagina_5-768x1086.jpg 768w, http:\/\/fotoaragon.cesar.unizar.es\/wp-content\/uploads\/2025\/04\/VI-Congreso-Internacional-Documentacion-Fotografica_2025_Pagina_5-1086x1536.jpg 1086w, http:\/\/fotoaragon.cesar.unizar.es\/wp-content\/uploads\/2025\/04\/VI-Congreso-Internacional-Documentacion-Fotografica_2025_Pagina_5-1448x2048.jpg 1448w, http:\/\/fotoaragon.cesar.unizar.es\/wp-content\/uploads\/2025\/04\/VI-Congreso-Internacional-Documentacion-Fotografica_2025_Pagina_5.jpg 1654w\" sizes=\"auto, (max-width: 644px) 100vw, 644px\" \/><\/a><\/figure>\n\n\n\n<figure class=\"wp-block-image size-large\"><a href=\"http:\/\/fotoaragon.cesar.unizar.es\/wp-content\/uploads\/2025\/04\/VI-Congreso-Internacional-Documentacion-Fotografica_2025_Pagina_6.jpg\"><img loading=\"lazy\" decoding=\"async\" width=\"644\" height=\"911\" src=\"http:\/\/fotoaragon.cesar.unizar.es\/wp-content\/uploads\/2025\/04\/VI-Congreso-Internacional-Documentacion-Fotografica_2025_Pagina_6-644x911.jpg\" alt=\"\" class=\"wp-image-3625\" srcset=\"http:\/\/fotoaragon.cesar.unizar.es\/wp-content\/uploads\/2025\/04\/VI-Congreso-Internacional-Documentacion-Fotografica_2025_Pagina_6-644x911.jpg 644w, http:\/\/fotoaragon.cesar.unizar.es\/wp-content\/uploads\/2025\/04\/VI-Congreso-Internacional-Documentacion-Fotografica_2025_Pagina_6-212x300.jpg 212w, http:\/\/fotoaragon.cesar.unizar.es\/wp-content\/uploads\/2025\/04\/VI-Congreso-Internacional-Documentacion-Fotografica_2025_Pagina_6-768x1086.jpg 768w, http:\/\/fotoaragon.cesar.unizar.es\/wp-content\/uploads\/2025\/04\/VI-Congreso-Internacional-Documentacion-Fotografica_2025_Pagina_6-1086x1536.jpg 1086w, http:\/\/fotoaragon.cesar.unizar.es\/wp-content\/uploads\/2025\/04\/VI-Congreso-Internacional-Documentacion-Fotografica_2025_Pagina_6-1448x2048.jpg 1448w, http:\/\/fotoaragon.cesar.unizar.es\/wp-content\/uploads\/2025\/04\/VI-Congreso-Internacional-Documentacion-Fotografica_2025_Pagina_6.jpg 1654w\" sizes=\"auto, (max-width: 644px) 100vw, 644px\" \/><\/a><\/figure>\n\n\n\n<figure class=\"wp-block-image size-large\"><a href=\"http:\/\/fotoaragon.cesar.unizar.es\/wp-content\/uploads\/2025\/04\/VI-Congreso-Internacional-Documentacion-Fotografica_2025_Pagina_1.jpg\"><img loading=\"lazy\" decoding=\"async\" width=\"644\" height=\"911\" src=\"http:\/\/fotoaragon.cesar.unizar.es\/wp-content\/uploads\/2025\/04\/VI-Congreso-Internacional-Documentacion-Fotografica_2025_Pagina_1-644x911.jpg\" alt=\"\" class=\"wp-image-3626\" srcset=\"http:\/\/fotoaragon.cesar.unizar.es\/wp-content\/uploads\/2025\/04\/VI-Congreso-Internacional-Documentacion-Fotografica_2025_Pagina_1-644x911.jpg 644w, http:\/\/fotoaragon.cesar.unizar.es\/wp-content\/uploads\/2025\/04\/VI-Congreso-Internacional-Documentacion-Fotografica_2025_Pagina_1-212x300.jpg 212w, http:\/\/fotoaragon.cesar.unizar.es\/wp-content\/uploads\/2025\/04\/VI-Congreso-Internacional-Documentacion-Fotografica_2025_Pagina_1-768x1086.jpg 768w, http:\/\/fotoaragon.cesar.unizar.es\/wp-content\/uploads\/2025\/04\/VI-Congreso-Internacional-Documentacion-Fotografica_2025_Pagina_1-1086x1536.jpg 1086w, http:\/\/fotoaragon.cesar.unizar.es\/wp-content\/uploads\/2025\/04\/VI-Congreso-Internacional-Documentacion-Fotografica_2025_Pagina_1-1448x2048.jpg 1448w, http:\/\/fotoaragon.cesar.unizar.es\/wp-content\/uploads\/2025\/04\/VI-Congreso-Internacional-Documentacion-Fotografica_2025_Pagina_1.jpg 1654w\" sizes=\"auto, (max-width: 644px) 100vw, 644px\" \/><\/a><\/figure>\n","protected":false},"excerpt":{"rendered":"<p>Adjunto el completo y muy interesante programa del VI Congreso Internacional de Documentaci\u00f3n Fotogr\u00e1fica, que tendr\u00e1 lugar pr\u00f3ximamente en la Universidad Complutense de Madrid, bajo la direcci\u00f3n de Juan Miguel S\u00e1nchez Vigil y Antonia Salvador, y que es posible seguir on line a trav\u00e9s del siguiente enlace: https:\/\/www.ucm.es\/directo<\/p>\n","protected":false},"author":1,"featured_media":0,"comment_status":"open","ping_status":"open","sticky":false,"template":"","format":"standard","meta":{"footnotes":""},"categories":[1],"tags":[],"class_list":["post-3620","post","type-post","status-publish","format-standard","hentry","category-sin-categoria"],"_links":{"self":[{"href":"http:\/\/fotoaragon.cesar.unizar.es\/index.php?rest_route=\/wp\/v2\/posts\/3620","targetHints":{"allow":["GET"]}}],"collection":[{"href":"http:\/\/fotoaragon.cesar.unizar.es\/index.php?rest_route=\/wp\/v2\/posts"}],"about":[{"href":"http:\/\/fotoaragon.cesar.unizar.es\/index.php?rest_route=\/wp\/v2\/types\/post"}],"author":[{"embeddable":true,"href":"http:\/\/fotoaragon.cesar.unizar.es\/index.php?rest_route=\/wp\/v2\/users\/1"}],"replies":[{"embeddable":true,"href":"http:\/\/fotoaragon.cesar.unizar.es\/index.php?rest_route=%2Fwp%2Fv2%2Fcomments&post=3620"}],"version-history":[{"count":3,"href":"http:\/\/fotoaragon.cesar.unizar.es\/index.php?rest_route=\/wp\/v2\/posts\/3620\/revisions"}],"predecessor-version":[{"id":3631,"href":"http:\/\/fotoaragon.cesar.unizar.es\/index.php?rest_route=\/wp\/v2\/posts\/3620\/revisions\/3631"}],"wp:attachment":[{"href":"http:\/\/fotoaragon.cesar.unizar.es\/index.php?rest_route=%2Fwp%2Fv2%2Fmedia&parent=3620"}],"wp:term":[{"taxonomy":"category","embeddable":true,"href":"http:\/\/fotoaragon.cesar.unizar.es\/index.php?rest_route=%2Fwp%2Fv2%2Fcategories&post=3620"},{"taxonomy":"post_tag","embeddable":true,"href":"http:\/\/fotoaragon.cesar.unizar.es\/index.php?rest_route=%2Fwp%2Fv2%2Ftags&post=3620"}],"curies":[{"name":"wp","href":"https:\/\/api.w.org\/{rel}","templated":true}]}}