{"id":3389,"date":"2023-09-22T15:45:00","date_gmt":"2023-09-22T15:45:00","guid":{"rendered":"http:\/\/fotoaragon.cesar.unizar.es\/?p=3389"},"modified":"2023-09-22T16:00:55","modified_gmt":"2023-09-22T16:00:55","slug":"programa-definitivo-de-las-v-jornadas-sobre-investigacion-en-historia-de-la-fotografia-zaragoza-25-27-de-octubre-de-2023","status":"publish","type":"post","link":"http:\/\/fotoaragon.cesar.unizar.es\/?p=3389","title":{"rendered":"Programa definitivo de las \u00abV Jornadas sobre Investigaci\u00f3n en Historia de la Fotograf\u00eda\u00bb, IFC, Zaragoza, 25-27 de octubre de 2023."},"content":{"rendered":"\n<figure class=\"wp-block-image size-large\"><a href=\"http:\/\/fotoaragon.cesar.unizar.es\/wp-content\/uploads\/2023\/09\/Programa-definitivo-V-Jornadas2.jpg\" target=\"_blank\" rel=\"noreferrer noopener\"><img loading=\"lazy\" decoding=\"async\" width=\"644\" height=\"432\" src=\"http:\/\/fotoaragon.cesar.unizar.es\/wp-content\/uploads\/2023\/09\/Programa-definitivo-V-Jornadas2-644x432.jpg\" alt=\"\" class=\"wp-image-3391\" srcset=\"http:\/\/fotoaragon.cesar.unizar.es\/wp-content\/uploads\/2023\/09\/Programa-definitivo-V-Jornadas2-644x432.jpg 644w, http:\/\/fotoaragon.cesar.unizar.es\/wp-content\/uploads\/2023\/09\/Programa-definitivo-V-Jornadas2-300x201.jpg 300w, http:\/\/fotoaragon.cesar.unizar.es\/wp-content\/uploads\/2023\/09\/Programa-definitivo-V-Jornadas2-768x515.jpg 768w, http:\/\/fotoaragon.cesar.unizar.es\/wp-content\/uploads\/2023\/09\/Programa-definitivo-V-Jornadas2-1536x1031.jpg 1536w, http:\/\/fotoaragon.cesar.unizar.es\/wp-content\/uploads\/2023\/09\/Programa-definitivo-V-Jornadas2.jpg 1848w\" sizes=\"auto, (max-width: 644px) 100vw, 644px\" \/><\/a><\/figure>\n\n\n\n<figure class=\"wp-block-image size-large\"><a href=\"http:\/\/fotoaragon.cesar.unizar.es\/wp-content\/uploads\/2023\/09\/Programa-definitivo-V-Jornadas1.jpg\" target=\"_blank\" rel=\"noreferrer noopener\"><img loading=\"lazy\" decoding=\"async\" width=\"644\" height=\"432\" src=\"http:\/\/fotoaragon.cesar.unizar.es\/wp-content\/uploads\/2023\/09\/Programa-definitivo-V-Jornadas1-644x432.jpg\" alt=\"\" class=\"wp-image-3390\" srcset=\"http:\/\/fotoaragon.cesar.unizar.es\/wp-content\/uploads\/2023\/09\/Programa-definitivo-V-Jornadas1-644x432.jpg 644w, http:\/\/fotoaragon.cesar.unizar.es\/wp-content\/uploads\/2023\/09\/Programa-definitivo-V-Jornadas1-300x201.jpg 300w, http:\/\/fotoaragon.cesar.unizar.es\/wp-content\/uploads\/2023\/09\/Programa-definitivo-V-Jornadas1-768x515.jpg 768w, http:\/\/fotoaragon.cesar.unizar.es\/wp-content\/uploads\/2023\/09\/Programa-definitivo-V-Jornadas1-1536x1031.jpg 1536w, http:\/\/fotoaragon.cesar.unizar.es\/wp-content\/uploads\/2023\/09\/Programa-definitivo-V-Jornadas1.jpg 1848w\" sizes=\"auto, (max-width: 644px) 100vw, 644px\" \/><\/a><\/figure>\n\n\n\n<p><\/p>\n\n\n\n<p class=\"has-small-font-size\">A pesar de que esta quinta edici\u00f3n de las<em> Jornadas sobre Investigaci\u00f3n en Historia de la Fotograf\u00eda<\/em> est\u00e1 siendo toda una carrera de obst\u00e1culos para los organizadores, debido a los problemas inform\u00e1ticos que arrastra la Instituci\u00f3n Fernando el Cat\u00f3lico desde este verano, finalmente tenemos la satisfacci\u00f3n de poder compartir con todos vosotros el programa definitivo de las mismas. Esperemos que con la buena voluntad de todos esta nueva edici\u00f3n de las Jornadas llegue una vez m\u00e1s a buen puerto.<\/p>\n\n\n\n<div class=\"wp-block-file\"><a href=\"http:\/\/fotoaragon.cesar.unizar.es\/wp-content\/uploads\/2023\/09\/Programa-definitivo-V-Jornadas.pdf\" class=\"wp-block-file__button wp-element-button\" download>Descarga<\/a><\/div>\n\n\n\n<p class=\"has-text-align-right has-small-font-size\">Jos\u00e9 Antonio Hern\u00e1ndez Latas<br>Director de las V Jornadas<\/p>\n","protected":false},"excerpt":{"rendered":"<p>A pesar de que esta quinta edici\u00f3n de las Jornadas sobre Investigaci\u00f3n en Historia de la Fotograf\u00eda est\u00e1 siendo toda una carrera de obst\u00e1culos para los organizadores, debido a los problemas inform\u00e1ticos que arrastra la Instituci\u00f3n Fernando el Cat\u00f3lico desde este verano, finalmente tenemos la satisfacci\u00f3n de poder compartir con todos vosotros el programa definitivo [&hellip;]<\/p>\n","protected":false},"author":1,"featured_media":0,"comment_status":"open","ping_status":"open","sticky":false,"template":"","format":"standard","meta":{"footnotes":""},"categories":[1],"tags":[],"class_list":["post-3389","post","type-post","status-publish","format-standard","hentry","category-sin-categoria"],"_links":{"self":[{"href":"http:\/\/fotoaragon.cesar.unizar.es\/index.php?rest_route=\/wp\/v2\/posts\/3389","targetHints":{"allow":["GET"]}}],"collection":[{"href":"http:\/\/fotoaragon.cesar.unizar.es\/index.php?rest_route=\/wp\/v2\/posts"}],"about":[{"href":"http:\/\/fotoaragon.cesar.unizar.es\/index.php?rest_route=\/wp\/v2\/types\/post"}],"author":[{"embeddable":true,"href":"http:\/\/fotoaragon.cesar.unizar.es\/index.php?rest_route=\/wp\/v2\/users\/1"}],"replies":[{"embeddable":true,"href":"http:\/\/fotoaragon.cesar.unizar.es\/index.php?rest_route=%2Fwp%2Fv2%2Fcomments&post=3389"}],"version-history":[{"count":17,"href":"http:\/\/fotoaragon.cesar.unizar.es\/index.php?rest_route=\/wp\/v2\/posts\/3389\/revisions"}],"predecessor-version":[{"id":3410,"href":"http:\/\/fotoaragon.cesar.unizar.es\/index.php?rest_route=\/wp\/v2\/posts\/3389\/revisions\/3410"}],"wp:attachment":[{"href":"http:\/\/fotoaragon.cesar.unizar.es\/index.php?rest_route=%2Fwp%2Fv2%2Fmedia&parent=3389"}],"wp:term":[{"taxonomy":"category","embeddable":true,"href":"http:\/\/fotoaragon.cesar.unizar.es\/index.php?rest_route=%2Fwp%2Fv2%2Fcategories&post=3389"},{"taxonomy":"post_tag","embeddable":true,"href":"http:\/\/fotoaragon.cesar.unizar.es\/index.php?rest_route=%2Fwp%2Fv2%2Ftags&post=3389"}],"curies":[{"name":"wp","href":"https:\/\/api.w.org\/{rel}","templated":true}]}}