{"id":3336,"date":"2023-08-03T12:02:03","date_gmt":"2023-08-03T12:02:03","guid":{"rendered":"http:\/\/fotoaragon.cesar.unizar.es\/?p=3336"},"modified":"2023-08-10T09:41:34","modified_gmt":"2023-08-10T09:41:34","slug":"todo-llega-acaban-de-salir-publicadas-las-actas-del-i-encuentro-sobre-el-patrimonio-fotografico-de-aragon-celebrado-en-huesca-en-2018","status":"publish","type":"post","link":"http:\/\/fotoaragon.cesar.unizar.es\/?p=3336","title":{"rendered":"Todo llega&#8230; Acaban de salir publicadas las actas del \u00abI Encuentro sobre el patrimonio fotogr\u00e1fico de Arag\u00f3n\u00bb, celebrado en Huesca en 2018."},"content":{"rendered":"\n<p><\/p>\n\n\n\n<figure class=\"wp-block-image size-large\"><a href=\"http:\/\/fotoaragon.cesar.unizar.es\/wp-content\/uploads\/2023\/08\/Actas-2023-portada.jpg\"><img loading=\"lazy\" decoding=\"async\" width=\"644\" height=\"909\" src=\"http:\/\/fotoaragon.cesar.unizar.es\/wp-content\/uploads\/2023\/08\/Actas-2023-portada-644x909.jpg\" alt=\"\" class=\"wp-image-3337\" srcset=\"http:\/\/fotoaragon.cesar.unizar.es\/wp-content\/uploads\/2023\/08\/Actas-2023-portada-644x909.jpg 644w, http:\/\/fotoaragon.cesar.unizar.es\/wp-content\/uploads\/2023\/08\/Actas-2023-portada-213x300.jpg 213w, http:\/\/fotoaragon.cesar.unizar.es\/wp-content\/uploads\/2023\/08\/Actas-2023-portada-768x1084.jpg 768w, http:\/\/fotoaragon.cesar.unizar.es\/wp-content\/uploads\/2023\/08\/Actas-2023-portada-1088x1536.jpg 1088w, http:\/\/fotoaragon.cesar.unizar.es\/wp-content\/uploads\/2023\/08\/Actas-2023-portada.jpg 1339w\" sizes=\"auto, (max-width: 644px) 100vw, 644px\" \/><\/a><\/figure>\n\n\n\n<p><\/p>\n\n\n\n<p>Dicen que todo llega y, a pesar de la incredulidad de los m\u00e1s esc\u00e9pticos (entre los que confieso me encontraba), estamos de enhorabuena y, por fin, acaban de editarse las actas del&nbsp;<em><strong>I Encuentro sobre el Patrimonio Fotogr\u00e1fico de Arag\u00f3n<\/strong><\/em>, celebrado en Huesca los d\u00edas 15 y 16 de noviembre de 2018, y que fue organizado por la Diputaci\u00f3n Provincial de Huesca y el Instituto de Estudios Altoaragoneses en colaboraci\u00f3n con el Gobierno de Arag\u00f3n,&nbsp;Direcci\u00f3n General de Cultura y Patrimonio y la Fundaci\u00f3n Araid.<\/p>\n\n\n\n<p>Solo me resta felicitar especialmente a mis compa\u00f1eras en la coordinaci\u00f3n de este I Encuentro, M\u00aa Fernanda G\u00f3mez y Valle Piedrafita, quienes junto a Juanjo Generelo, desde Huesca, han estado porfiando todos estos a\u00f1os atr\u00e1s, sin desfallecer, en la confianza de que finalmente dichas actas ver\u00edan la luz. Enhorabuena a todos los implicados\u00a1<\/p>\n\n\n\n<p>Adjunto el enlace en el que se pueden consultar y descargar gratuitamente dichas actas:<\/p>\n\n\n\n<p><a href=\"https:\/\/issuu.com\/diputacionprovincialdehuesca\/docs\/actas_2023_rgb_v13\/4\">https:\/\/issuu.com\/diputacionprovincialdehuesca\/docs\/actas_2023_rgb_v13\/4<\/a><\/p>\n\n\n\n<p><strong>Autor:&nbsp;<\/strong>&nbsp;Varios autores<br><strong>ISBN:&nbsp;<\/strong>978-84-92749-92-8<br><strong>PVP:&nbsp;<\/strong>&nbsp;Descarga gratuita \u20ac<br><strong>Edici\u00f3n:&nbsp;<\/strong>&nbsp;Huesca: Diputaci\u00f3n Provincial de Huesca,&nbsp;2023<br><strong>Lenguaje:&nbsp;<\/strong>&nbsp;Catellano<br><strong>N\u00famero de p\u00e1ginas:&nbsp;<\/strong>&nbsp;345<br><strong>Ilustraciones:&nbsp;<\/strong>&nbsp;il.<br><strong>Color:&nbsp;<\/strong>&nbsp;Blanco\/negro y color<br><strong>Tama\u00f1o:&nbsp;<\/strong>&nbsp;Formato issuu<\/p>\n","protected":false},"excerpt":{"rendered":"<p>Dicen que todo llega y, a pesar de la incredulidad de los m\u00e1s esc\u00e9pticos (entre los que confieso me encontraba), estamos de enhorabuena y, por fin, acaban de editarse las actas del&nbsp;I Encuentro sobre el Patrimonio Fotogr\u00e1fico de Arag\u00f3n, celebrado en Huesca los d\u00edas 15 y 16 de noviembre de 2018, y que fue organizado [&hellip;]<\/p>\n","protected":false},"author":1,"featured_media":0,"comment_status":"open","ping_status":"open","sticky":false,"template":"","format":"standard","meta":{"footnotes":""},"categories":[1],"tags":[],"class_list":["post-3336","post","type-post","status-publish","format-standard","hentry","category-sin-categoria"],"_links":{"self":[{"href":"http:\/\/fotoaragon.cesar.unizar.es\/index.php?rest_route=\/wp\/v2\/posts\/3336","targetHints":{"allow":["GET"]}}],"collection":[{"href":"http:\/\/fotoaragon.cesar.unizar.es\/index.php?rest_route=\/wp\/v2\/posts"}],"about":[{"href":"http:\/\/fotoaragon.cesar.unizar.es\/index.php?rest_route=\/wp\/v2\/types\/post"}],"author":[{"embeddable":true,"href":"http:\/\/fotoaragon.cesar.unizar.es\/index.php?rest_route=\/wp\/v2\/users\/1"}],"replies":[{"embeddable":true,"href":"http:\/\/fotoaragon.cesar.unizar.es\/index.php?rest_route=%2Fwp%2Fv2%2Fcomments&post=3336"}],"version-history":[{"count":8,"href":"http:\/\/fotoaragon.cesar.unizar.es\/index.php?rest_route=\/wp\/v2\/posts\/3336\/revisions"}],"predecessor-version":[{"id":3365,"href":"http:\/\/fotoaragon.cesar.unizar.es\/index.php?rest_route=\/wp\/v2\/posts\/3336\/revisions\/3365"}],"wp:attachment":[{"href":"http:\/\/fotoaragon.cesar.unizar.es\/index.php?rest_route=%2Fwp%2Fv2%2Fmedia&parent=3336"}],"wp:term":[{"taxonomy":"category","embeddable":true,"href":"http:\/\/fotoaragon.cesar.unizar.es\/index.php?rest_route=%2Fwp%2Fv2%2Fcategories&post=3336"},{"taxonomy":"post_tag","embeddable":true,"href":"http:\/\/fotoaragon.cesar.unizar.es\/index.php?rest_route=%2Fwp%2Fv2%2Ftags&post=3336"}],"curies":[{"name":"wp","href":"https:\/\/api.w.org\/{rel}","templated":true}]}}