{"id":2964,"date":"2022-07-17T08:19:14","date_gmt":"2022-07-17T08:19:14","guid":{"rendered":"http:\/\/fotoaragon.cesar.unizar.es\/?p=2964"},"modified":"2022-07-17T08:21:10","modified_gmt":"2022-07-17T08:21:10","slug":"ya-disponible-la-version-digital-de-las-actas-de-las-iii-jornadas-sobre-investigacion-en-historia-de-la-fotografia-dedicadas-a-la-estereoscopia-y-que-se-celebraron-en-zaragoza-ifc-en-2019","status":"publish","type":"post","link":"http:\/\/fotoaragon.cesar.unizar.es\/?p=2964","title":{"rendered":"Ya disponible la versi\u00f3n digital de las actas de las \u00abIII Jornadas sobre Investigaci\u00f3n en Historia de la Fotograf\u00eda\u00bb, dedicadas a la estereoscop\u00eda y que se celebraron en Zaragoza (IFC) en 2019"},"content":{"rendered":"\n<figure class=\"wp-block-image\"><img loading=\"lazy\" decoding=\"async\" width=\"684\" height=\"948\" src=\"http:\/\/fotoaragon.cesar.unizar.es\/wp-content\/uploads\/2022\/07\/II-Jornadas-port.jpg\" alt=\"\" class=\"wp-image-2954\"\/><\/figure>\n\n\n\n<p>Por fin est\u00e1 disponible la versi\u00f3n digital de las actas de las <em>III Jornadas sobre Investigaci\u00f3n en Historia de la fotograf\u00eda<\/em>, que\u00a0 celebramos en Zaragoza (IFC) en 2019 y que dedicamos a la estereoscop\u00eda o fotograf\u00eda en 3D. A la espera de su edici\u00f3n impresa, ya pod\u00e9is consultarlas y descargarlas en el siguiente enlace:<br><br><a rel=\"noreferrer noopener\" href=\"https:\/\/ifc.dpz.es\/publicaciones\/ver\/id\/3936\" target=\"_blank\">https:\/\/ifc.dpz.es\/publicaciones\/ver\/id\/3936<\/a><\/p>\n\n\n\n<p>Jos\u00e9 Antonio Hern\u00e1ndez Latas<br>Director de las Jornadas sobre Investigaci\u00f3n en Historia de la Fotograf\u00eda <\/p>\n","protected":false},"excerpt":{"rendered":"<p>Por fin est\u00e1 disponible la versi\u00f3n digital de las actas de las III Jornadas sobre Investigaci\u00f3n en Historia de la fotograf\u00eda, que\u00a0 celebramos en Zaragoza (IFC) en 2019 y que dedicamos a la estereoscop\u00eda o fotograf\u00eda en 3D. A la espera de su edici\u00f3n impresa, ya pod\u00e9is consultarlas y descargarlas en el siguiente enlace: https:\/\/ifc.dpz.es\/publicaciones\/ver\/id\/3936 [&hellip;]<\/p>\n","protected":false},"author":1,"featured_media":0,"comment_status":"open","ping_status":"open","sticky":false,"template":"","format":"standard","meta":{"footnotes":""},"categories":[1],"tags":[],"class_list":["post-2964","post","type-post","status-publish","format-standard","hentry","category-sin-categoria"],"_links":{"self":[{"href":"http:\/\/fotoaragon.cesar.unizar.es\/index.php?rest_route=\/wp\/v2\/posts\/2964","targetHints":{"allow":["GET"]}}],"collection":[{"href":"http:\/\/fotoaragon.cesar.unizar.es\/index.php?rest_route=\/wp\/v2\/posts"}],"about":[{"href":"http:\/\/fotoaragon.cesar.unizar.es\/index.php?rest_route=\/wp\/v2\/types\/post"}],"author":[{"embeddable":true,"href":"http:\/\/fotoaragon.cesar.unizar.es\/index.php?rest_route=\/wp\/v2\/users\/1"}],"replies":[{"embeddable":true,"href":"http:\/\/fotoaragon.cesar.unizar.es\/index.php?rest_route=%2Fwp%2Fv2%2Fcomments&post=2964"}],"version-history":[{"count":4,"href":"http:\/\/fotoaragon.cesar.unizar.es\/index.php?rest_route=\/wp\/v2\/posts\/2964\/revisions"}],"predecessor-version":[{"id":2968,"href":"http:\/\/fotoaragon.cesar.unizar.es\/index.php?rest_route=\/wp\/v2\/posts\/2964\/revisions\/2968"}],"wp:attachment":[{"href":"http:\/\/fotoaragon.cesar.unizar.es\/index.php?rest_route=%2Fwp%2Fv2%2Fmedia&parent=2964"}],"wp:term":[{"taxonomy":"category","embeddable":true,"href":"http:\/\/fotoaragon.cesar.unizar.es\/index.php?rest_route=%2Fwp%2Fv2%2Fcategories&post=2964"},{"taxonomy":"post_tag","embeddable":true,"href":"http:\/\/fotoaragon.cesar.unizar.es\/index.php?rest_route=%2Fwp%2Fv2%2Ftags&post=2964"}],"curies":[{"name":"wp","href":"https:\/\/api.w.org\/{rel}","templated":true}]}}