{"id":2754,"date":"2022-04-11T07:59:02","date_gmt":"2022-04-11T07:59:02","guid":{"rendered":"http:\/\/fotoaragon.cesar.unizar.es\/?p=2754"},"modified":"2022-04-11T07:59:02","modified_gmt":"2022-04-11T07:59:02","slug":"album-recuerdo-de-la-expedicion-a-canfranc-y-al-pantano-de-la-pena-1908-fotografias-de-leopoldo-alonso-edicion-y-estudios-a-cargo-de-manuel-garcia-guatas-y-jose-antonio-hernandez-latas","status":"publish","type":"post","link":"http:\/\/fotoaragon.cesar.unizar.es\/?p=2754","title":{"rendered":"\u00c1lbum \u00abRecuerdo de la expedici\u00f3n a Canfranc y al pantano de La Pe\u00f1a (1908). Fotograf\u00edas de Leopoldo Alonso\u00bb, edici\u00f3n y estudios a cargo de Manuel Garc\u00eda Guatas y Jos\u00e9 Antonio Hern\u00e1ndez Latas"},"content":{"rendered":"\n<figure class=\"wp-block-image\"><img loading=\"lazy\" decoding=\"async\" width=\"1238\" height=\"1242\" src=\"http:\/\/fotoaragon.cesar.unizar.es\/wp-content\/uploads\/2022\/04\/anfranc.jpg\" alt=\"\" class=\"wp-image-2743\"\/><\/figure>\n\n\n\n<figure class=\"wp-block-image\"><img loading=\"lazy\" decoding=\"async\" width=\"1258\" height=\"1236\" src=\"http:\/\/fotoaragon.cesar.unizar.es\/wp-content\/uploads\/2022\/04\/ubierta-b.jpg\" alt=\"\" class=\"wp-image-2759\"\/><\/figure>\n\n\n\n<figure class=\"wp-block-image\"><img decoding=\"async\" src=\"http:\/\/fotoaragon.cesar.unizar.es\/wp-content\/uploads\/2022\/04\/eopoldo-alonso-canfranc-tunel.jpg\" alt=\"\" class=\"wp-image-2766\"\/><figcaption>La Directora General de Patrimonio, Marisancho Menj\u00f3n, junto a los autores del estudio, Manuel Garc\u00eda Guatas y Jos\u00e9 Antonio Hern\u00e1ndez Latas (Fot. Gobierno de Arag\u00f3n).<\/figcaption><\/figure>\n\n\n\n<p>El pasado viernes, d\u00eda 8 de abril, fue presentado en la Biblioteca de Arag\u00f3n en Zaragoza, el libro <em>\u00c1lbum Recuerdo de la expedici\u00f3n a Canfranc y al pantano de La Pe\u00f1a (1908). Fotograf\u00edas de Leopoldo Alonso, <\/em>cuya edici\u00f3n y estudios ha corrido a cargo de Manuel Garc\u00eda Guatas y Jos\u00e9 Antonio Hern\u00e1ndez Latas.<\/p>\n\n\n\n<p>-Reportaje de prensa, publicado en <a rel=\"noreferrer noopener\" aria-label=\"Europa Press \/ Arag\u00f3n (abre en una nueva pesta\u00f1a)\" href=\"https:\/\/www.europapress.es\/aragon\/noticia-libro-recupera-fotografias-algunas-ineditas-inauguracion-obras-tunel-canfranc-20220408145345.html\" target=\"_blank\">Europa Press \/ Arag\u00f3n<\/a><\/p>\n\n\n\n<p>-Reportaje de prensa, publicado en <a href=\"https:\/\/jacetaniaexpress.com\/canfranc-recupera-la-memoria-de-su-tunel-a-traves-de-las-fotografias-de-leopoldo-alonso\/\" target=\"_blank\" rel=\"noreferrer noopener\" aria-label=\"Jacetania Express (abre en una nueva pesta\u00f1a)\">Jacetania Express<\/a><br><br><br><\/p>\n","protected":false},"excerpt":{"rendered":"<p>El pasado viernes, d\u00eda 8 de abril, fue presentado en la Biblioteca de Arag\u00f3n en Zaragoza, el libro \u00c1lbum Recuerdo de la expedici\u00f3n a Canfranc y al pantano de La Pe\u00f1a (1908). Fotograf\u00edas de Leopoldo Alonso, cuya edici\u00f3n y estudios ha corrido a cargo de Manuel Garc\u00eda Guatas y Jos\u00e9 Antonio Hern\u00e1ndez Latas. -Reportaje de [&hellip;]<\/p>\n","protected":false},"author":1,"featured_media":0,"comment_status":"open","ping_status":"open","sticky":false,"template":"","format":"standard","meta":{"footnotes":""},"categories":[1],"tags":[],"class_list":["post-2754","post","type-post","status-publish","format-standard","hentry","category-sin-categoria"],"_links":{"self":[{"href":"http:\/\/fotoaragon.cesar.unizar.es\/index.php?rest_route=\/wp\/v2\/posts\/2754","targetHints":{"allow":["GET"]}}],"collection":[{"href":"http:\/\/fotoaragon.cesar.unizar.es\/index.php?rest_route=\/wp\/v2\/posts"}],"about":[{"href":"http:\/\/fotoaragon.cesar.unizar.es\/index.php?rest_route=\/wp\/v2\/types\/post"}],"author":[{"embeddable":true,"href":"http:\/\/fotoaragon.cesar.unizar.es\/index.php?rest_route=\/wp\/v2\/users\/1"}],"replies":[{"embeddable":true,"href":"http:\/\/fotoaragon.cesar.unizar.es\/index.php?rest_route=%2Fwp%2Fv2%2Fcomments&post=2754"}],"version-history":[{"count":7,"href":"http:\/\/fotoaragon.cesar.unizar.es\/index.php?rest_route=\/wp\/v2\/posts\/2754\/revisions"}],"predecessor-version":[{"id":2767,"href":"http:\/\/fotoaragon.cesar.unizar.es\/index.php?rest_route=\/wp\/v2\/posts\/2754\/revisions\/2767"}],"wp:attachment":[{"href":"http:\/\/fotoaragon.cesar.unizar.es\/index.php?rest_route=%2Fwp%2Fv2%2Fmedia&parent=2754"}],"wp:term":[{"taxonomy":"category","embeddable":true,"href":"http:\/\/fotoaragon.cesar.unizar.es\/index.php?rest_route=%2Fwp%2Fv2%2Fcategories&post=2754"},{"taxonomy":"post_tag","embeddable":true,"href":"http:\/\/fotoaragon.cesar.unizar.es\/index.php?rest_route=%2Fwp%2Fv2%2Ftags&post=2754"}],"curies":[{"name":"wp","href":"https:\/\/api.w.org\/{rel}","templated":true}]}}