{"id":2553,"date":"2021-08-23T14:23:00","date_gmt":"2021-08-23T14:23:00","guid":{"rendered":"http:\/\/fotoaragon.cesar.unizar.es\/?p=2553"},"modified":"2021-08-23T14:37:37","modified_gmt":"2021-08-23T14:37:37","slug":"el-proyecto-aragon-photo-rescata-el-retrato-al-daguerrotipo-del-que-fuera-obispo-auxiliar-de-zaragoza-y-diocesano-de-huesca-mariano-supervia-lostale-tauste-1835-huesca-1918","status":"publish","type":"post","link":"http:\/\/fotoaragon.cesar.unizar.es\/?p=2553","title":{"rendered":"El proyecto \u00abArag\u00f3n Photo\u00bb rescata el retrato al daguerrotipo del que fuera obispo auxiliar de Zaragoza y diocesano de Huesca, Mariano Superv\u00eda Lostal\u00e9 (Tauste, 1835 \u2013 Huesca, 1918)"},"content":{"rendered":"<p><img loading=\"lazy\" decoding=\"async\" class=\"size-full wp-image-2554 alignleft\" alt=\"S 1\" src=\"http:\/\/fotoaragon.cesar.unizar.es\/wp-content\/uploads\/2021\/08\/S-1.jpg\" width=\"1200\" height=\"1566\" \/><em>Retrato al daguerrotipo del futuro obispo Mariano Superv\u00eda Lostal\u00e9, ca. 1859<\/em><\/p>\n<p>En estos momentos el equipo del proyecto \u00ab<a title=\"Arag\u00f3n Photo\" href=\"https:\/\/aragon-photo.bifi.es\/\" target=\"_blank\">Arag\u00f3n Photo\u00bb<\/a> est\u00e1 llevando a cabo la digitalizaci\u00f3n y catalogaci\u00f3n de varias colecciones o legados fotogr\u00e1ficos familiares. Entre ellos, una importante colecci\u00f3n zaragozana, con ra\u00edces o antecedentes familiares en Tauste que conserva el archivo documental y colecci\u00f3n fotogr\u00e1fica de los hermanos Superv\u00eda, Mariano y Miguel. El primero, doctor en Teolog\u00eda, obispo auxiliar de Zaragoza y obispo diocesano de Huesca. Y, el segundo, Miguel, can\u00f3nigo arcediano de la catedral de Huesca.<\/p>\n<p>Entre las piezas m\u00e1s destacadas de la colecci\u00f3n fotogr\u00e1fica, se conserva un daguerrotipo en cobre, ba\u00f1ado en plata, en bastante buen estado de conservaci\u00f3n, a pesar de no conservar su estuche o enmarcaci\u00f3n de protecci\u00f3n. En dicho retrato al daguerrotipo, el entonces joven Mariano Superv\u00eda Lostal\u00e9 posa como doctor en Teolog\u00eda, con la toga y muceta. \u00a0Su mano diestra luce un anillo pintado en oro, tal vez s\u00edmbolo de su ordenaci\u00f3n sacerdotal o incluso del grado de doctor. Su mano izquierda reposa sobre varios vol\u00famenes de libros, en los que descansa el birrete acad\u00e9mico, cuyo pin\u00e1culo, tambi\u00e9n est\u00e1 pintado en oro.<\/p>\n<p>Dado que el daguerrotipo ha perdido su enmarcaci\u00f3n y posibles distintivos originales, no disponemos de informaci\u00f3n sobre el estudio o gabinete fotogr\u00e1fico en el que fue tomado dicho retrato, pudiendo ser uno de los gabinetes estables, bien de Zaragoza, bien incluso de Valencia, donde curs\u00f3 el grado de doctor en Teolog\u00eda. Pero tambi\u00e9n pudo haber sido tomado por alguno de los daguerrotipistas ambulantes y feriantes que recalaban en ambas ciudades, frecuentemente con motivo de las fiestas patronales. En el caso de Zaragoza, habitualmente con motivo de las fiestas del Pilar.<\/p>\n<p>La dataci\u00f3n propuesta para este retrato al daguerrotipo es de hacia 1859, teniendo en consideraci\u00f3n que fue en dicho a\u00f1o cuando Mariano Superv\u00eda fue ordenado sacerdote y que en dicho retrato, luce ya su anillo sacerdotal. En cuanto al tama\u00f1o, es un tama\u00f1o importante, nada menos que media placa, concretamente 15,6 x 12 cm. Si recuperar muestras materiales de esta t\u00e9cnica fotogr\u00e1fica pionera resulta enormemente dif\u00edcil (en Arag\u00f3n este es el segundo daguerrotipo encontrado hasta la fecha [1]), m\u00e1s lo es recuperar daguerrotipos en buen estado de conservaci\u00f3n, como es el caso que nos ocupa, y con unas dimensiones tan importantes \u2013lo m\u00e1s frecuente, a nivel nacional, es encontrar piezas de \u00bc de placa-.<\/p>\n<p><img decoding=\"async\" alt=\"\" src=\"https:\/\/aragon-photo.bifi.es\/uploads\/2021\/06\/07\/collections\/back\/RMB095_2400ppp.jpg\" \/><em>Marca incisa a punz\u00f3n del fabricante parisino Alexis Gaudin<\/em><\/p>\n<p>Pero el retrato al daguerrotipo de Mariano Superv\u00eda escond\u00eda todav\u00eda alg\u00fan importante secreto. Observ\u00e1ndolo detenidamente, con lentes de aumento, encontramos en el \u00e1ngulo inferior derecho la marca del punz\u00f3n sobre la plata que responde a la siguiente descripci\u00f3n: Una roseta de 6 p\u00e9talos y un Agnus Dei entre dos medias lunas, junto a la inscripci\u00f3n: \u00abDOUBLE \/ A. GAUDIN \/ 30 [quilates]\u00bb.<\/p>\n<p>Tanto los distintivos, como la firma en la incisi\u00f3n a punz\u00f3n, resultaban inequ\u00edvocos, se trataba de una placa en cobre, ba\u00f1ada en plata de 30 quilates, fabricada por el fot\u00f3grafo parisino y comerciante, Alexis Gaudin (1816-1894). Dicha inscripci\u00f3n nos invit\u00f3 a pensar en un primer momento en el propio Gaudin como autor del retrato de Mariano Superv\u00eda. Sin embargo, tras la consulta con el experto en la biograf\u00eda y obra de los hermanos Gaudin, el fotohistoriador galo Denis Pellerin, descartamos su autor\u00eda. Alexis Gaudin, que durante un tiempo fue retratista, posteriormente director de la prestigiosa revista\u00a0<em>La Lumi\u00e8re<\/em>\u00a0y, finalmente, se dedic\u00f3 de lleno a la fotograf\u00eda estereosc\u00f3pica junto a su hermano Charles, fue uno de los principales exportadores, tanto a los Estados Unidos, como a Europa de sus placas para daguerrotipos, que comercializaba desde el n\u00famero de 7 de la rue de la Perle, en Par\u00eds. As\u00ed pues, en opini\u00f3n del experto Denis Pellerin, la placa al daguerrotipo, en efecto fue elaborada en la f\u00e1brica de Alexis Gaudin, pero el retrato debi\u00f3 ser realizado por alg\u00fan daguerrotipista que se prove\u00eda de dichas placas ya preparadas, bien en Zaragoza, bien en Valencia.<\/p>\n<p>El estudio y dataci\u00f3n cronol\u00f3gica de las marcas de platero de los daguerrotipos ha experimentado un importante auge en los \u00faltimos a\u00f1os, y precisamente la dataci\u00f3n propuesta del retrato al daguerrotipo zaragozano, hacia 1859, resulta perfectamente \u00a0compatible con la cronolog\u00eda establecida para este tipo de marcas por Gabriele Chiesa y Paolo Gosio en su publicaci\u00f3n<em>\u00a0Daguerrotype Hallmarks<\/em>\u00a0(2020), que llevan en el caso de \u00abA. Gaudin Double\u00bb, hacia 1856.<\/p>\n<p>La recuperaci\u00f3n de este tipo de materiales y t\u00e9cnicas fotogr\u00e1ficas pioneras, tan exclusivas, dentro del territorio de Arag\u00f3n, ha sido desde el primer momento uno de los objetivos prioritarios del presente proyecto de investigaci\u00f3n, por ello debemos felicitarnos. Confiemos en que esta sustancial recuperaci\u00f3n material de nuestro patrimonio fotogr\u00e1fico hist\u00f3rico, sea el primero de futuros e importantes hallazgos.<\/p>\n<p><strong>Bibliograf\u00eda:<\/strong><\/p>\n<p>-PELLERIN, Denis (1997).\u00a0<em>Gaudin<\/em>\u00a0<em>Fr\u00e8res. Pionniers de la photographie, 1839-1872<\/em>. Par\u00eds, Soci\u00e9t\u00e9 des Amis du Mus\u00e9e Nic\u00e9phore Ni\u00e9pce, Minist\u00e8re Culture.<\/p>\n<p>-HERN\u00c1NDEZ LATAS, Jos\u00e9 Antonio (2019). \u00a0\u201cRecuperaci\u00f3n de un daguerrotipo zaragozano. [\u2026] Un retrato del gabinete de Gregorio Sabat\u00e9\u201d,\u00a0<em>Heraldo de Arag\u00f3n<\/em>, Secci\u00f3n Artes &amp; Letras, p\u00e1gs. 6 y 7, Zaragoza,\u00a031 de enero\u00a0de 2019.<\/p>\n<p>-CHIESA, Gabriele &amp; GOSIO, Paolo (2020).\u00a0<em>Daguerrotype Hallmarks<\/em>, Brescia, Italia.<\/p>\n<p style=\"text-align: right;\">Jos\u00e9 Antonio Hern\u00e1ndez Latas<br \/>\nIP del proyecto \u00abArag\u00f3n Photo\u00bb<\/p>\n<hr \/>\n<p>[1] Sobre el primer daguerrotipo recuperado en Arag\u00f3n, obra del fot\u00f3grafo zaragozano Gregorio Sabat\u00e9, cuya imagen est\u00e1 pr\u00e1cticamente perdida, ver el art\u00edculo: HERN\u00c1NDEZ LATAS, J.A. (2019)<\/p>\n<p>&nbsp;<\/p>\n","protected":false},"excerpt":{"rendered":"<p>Retrato al daguerrotipo del futuro obispo Mariano Superv\u00eda Lostal\u00e9, ca. 1859 En estos momentos el equipo del proyecto \u00abArag\u00f3n Photo\u00bb est\u00e1 llevando a cabo la digitalizaci\u00f3n y catalogaci\u00f3n de varias colecciones o legados fotogr\u00e1ficos familiares. Entre ellos, una importante colecci\u00f3n zaragozana, con ra\u00edces o antecedentes familiares en Tauste que conserva el archivo documental y colecci\u00f3n [&hellip;]<\/p>\n","protected":false},"author":1,"featured_media":0,"comment_status":"open","ping_status":"open","sticky":false,"template":"","format":"standard","meta":{"footnotes":""},"categories":[1],"tags":[],"class_list":["post-2553","post","type-post","status-publish","format-standard","hentry","category-sin-categoria"],"_links":{"self":[{"href":"http:\/\/fotoaragon.cesar.unizar.es\/index.php?rest_route=\/wp\/v2\/posts\/2553","targetHints":{"allow":["GET"]}}],"collection":[{"href":"http:\/\/fotoaragon.cesar.unizar.es\/index.php?rest_route=\/wp\/v2\/posts"}],"about":[{"href":"http:\/\/fotoaragon.cesar.unizar.es\/index.php?rest_route=\/wp\/v2\/types\/post"}],"author":[{"embeddable":true,"href":"http:\/\/fotoaragon.cesar.unizar.es\/index.php?rest_route=\/wp\/v2\/users\/1"}],"replies":[{"embeddable":true,"href":"http:\/\/fotoaragon.cesar.unizar.es\/index.php?rest_route=%2Fwp%2Fv2%2Fcomments&post=2553"}],"version-history":[{"count":20,"href":"http:\/\/fotoaragon.cesar.unizar.es\/index.php?rest_route=\/wp\/v2\/posts\/2553\/revisions"}],"predecessor-version":[{"id":2576,"href":"http:\/\/fotoaragon.cesar.unizar.es\/index.php?rest_route=\/wp\/v2\/posts\/2553\/revisions\/2576"}],"wp:attachment":[{"href":"http:\/\/fotoaragon.cesar.unizar.es\/index.php?rest_route=%2Fwp%2Fv2%2Fmedia&parent=2553"}],"wp:term":[{"taxonomy":"category","embeddable":true,"href":"http:\/\/fotoaragon.cesar.unizar.es\/index.php?rest_route=%2Fwp%2Fv2%2Fcategories&post=2553"},{"taxonomy":"post_tag","embeddable":true,"href":"http:\/\/fotoaragon.cesar.unizar.es\/index.php?rest_route=%2Fwp%2Fv2%2Ftags&post=2553"}],"curies":[{"name":"wp","href":"https:\/\/api.w.org\/{rel}","templated":true}]}}