{"id":2517,"date":"2021-06-02T08:40:06","date_gmt":"2021-06-02T08:40:06","guid":{"rendered":"http:\/\/fotoaragon.cesar.unizar.es\/?p=2517"},"modified":"2021-06-02T09:13:35","modified_gmt":"2021-06-02T09:13:35","slug":"recreacion-historica-de-las-primeras-fotografias-de-montana-tomadas-en-cataluna-1878-organiza-fotoconnexio-los-proximos-dias-3-11-13-y-15-de-junio","status":"publish","type":"post","link":"http:\/\/fotoaragon.cesar.unizar.es\/?p=2517","title":{"rendered":"Recreaci\u00f3n hist\u00f3rica de las primeras fotograf\u00edas de monta\u00f1a tomadas en Catalu\u00f1a (1878), organiza Fotoconnexi\u00f3, los pr\u00f3ximos d\u00edas 3, 11, 13 y 15 de junio en Barcelona."},"content":{"rendered":"<p><a href=\"http:\/\/fotoaragon.cesar.unizar.es\/wp-content\/uploads\/2021\/06\/ecreacioHistorica.jpg\"><img loading=\"lazy\" decoding=\"async\" class=\"alignleft size-full wp-image-2518\" alt=\"Recreaci\u00f3n hist\u00f3rica\" src=\"http:\/\/fotoaragon.cesar.unizar.es\/wp-content\/uploads\/2021\/06\/ecreacioHistorica.jpg\" width=\"665\" height=\"797\" \/><\/a><\/p>\n<p>Tengo el gusto de compartir, con todos aquellos que pod\u00e1is estar interesados, la informaci\u00f3n que me remite Ram\u00f3n Barnadas, colega fotohistoriador y actual presidente de la Junta Directiva de Fotoconnexi\u00f3, sobre estas interesantes jornadas de recreaci\u00f3n, que toman como punto de partida la publicaci\u00f3n en 1878 de las primeras fotograf\u00edas de paisaje de monta\u00f1a tomadas en territorio catal\u00e1n. A lo largo de cuatro d\u00edas o jornadas (3, 11, 13 y 15 de junio), con la participaci\u00f3n de los investigadores y expertos Carlos Mitj\u00e0, Gregori Guasp, Salvador Ti\u00f3, Lourdes Delgado, Israel Ari\u00f1o y el propio Ram\u00f3n Barnadas, se impartir\u00e1n diversas conferencias de car\u00e1cter hist\u00f3rico, se reproducir\u00e1n las t\u00e9cnicas fotogr\u00e1ficas del siglo XIX e, incluso, se llevar\u00e1 a cabo una salida al monte, para recrear la toma de aquellas fotograf\u00edas pioneras, haciendo uso de negativos al colodi\u00f3n.<\/p>\n<p>Os dejo el enlace a su p\u00e1gina web, donde podr\u00e9is encontrar informaci\u00f3n sobre la inscripci\u00f3n, seguimiento <em>on line<\/em> de las conferencias, etc.:<\/p>\n<p><a href=\"https:\/\/www.fotoconnexio.cat\/\">https:\/\/www.fotoconnexio.cat<\/a><\/p>\n","protected":false},"excerpt":{"rendered":"<p>Tengo el gusto de compartir, con todos aquellos que pod\u00e1is estar interesados, la informaci\u00f3n que me remite Ram\u00f3n Barnadas, colega fotohistoriador y actual presidente de la Junta Directiva de Fotoconnexi\u00f3, sobre estas interesantes jornadas de recreaci\u00f3n, que toman como punto de partida la publicaci\u00f3n en 1878 de las primeras fotograf\u00edas de paisaje de monta\u00f1a tomadas [&hellip;]<\/p>\n","protected":false},"author":1,"featured_media":0,"comment_status":"open","ping_status":"open","sticky":false,"template":"","format":"standard","meta":{"footnotes":""},"categories":[1],"tags":[],"class_list":["post-2517","post","type-post","status-publish","format-standard","hentry","category-sin-categoria"],"_links":{"self":[{"href":"http:\/\/fotoaragon.cesar.unizar.es\/index.php?rest_route=\/wp\/v2\/posts\/2517","targetHints":{"allow":["GET"]}}],"collection":[{"href":"http:\/\/fotoaragon.cesar.unizar.es\/index.php?rest_route=\/wp\/v2\/posts"}],"about":[{"href":"http:\/\/fotoaragon.cesar.unizar.es\/index.php?rest_route=\/wp\/v2\/types\/post"}],"author":[{"embeddable":true,"href":"http:\/\/fotoaragon.cesar.unizar.es\/index.php?rest_route=\/wp\/v2\/users\/1"}],"replies":[{"embeddable":true,"href":"http:\/\/fotoaragon.cesar.unizar.es\/index.php?rest_route=%2Fwp%2Fv2%2Fcomments&post=2517"}],"version-history":[{"count":9,"href":"http:\/\/fotoaragon.cesar.unizar.es\/index.php?rest_route=\/wp\/v2\/posts\/2517\/revisions"}],"predecessor-version":[{"id":2528,"href":"http:\/\/fotoaragon.cesar.unizar.es\/index.php?rest_route=\/wp\/v2\/posts\/2517\/revisions\/2528"}],"wp:attachment":[{"href":"http:\/\/fotoaragon.cesar.unizar.es\/index.php?rest_route=%2Fwp%2Fv2%2Fmedia&parent=2517"}],"wp:term":[{"taxonomy":"category","embeddable":true,"href":"http:\/\/fotoaragon.cesar.unizar.es\/index.php?rest_route=%2Fwp%2Fv2%2Fcategories&post=2517"},{"taxonomy":"post_tag","embeddable":true,"href":"http:\/\/fotoaragon.cesar.unizar.es\/index.php?rest_route=%2Fwp%2Fv2%2Ftags&post=2517"}],"curies":[{"name":"wp","href":"https:\/\/api.w.org\/{rel}","templated":true}]}}