{"id":2466,"date":"2021-04-22T10:01:27","date_gmt":"2021-04-22T10:01:27","guid":{"rendered":"http:\/\/fotoaragon.cesar.unizar.es\/?p=2466"},"modified":"2021-05-14T15:54:04","modified_gmt":"2021-05-14T15:54:04","slug":"convocatoria-oficial-de-las-iv-jornadas-sobre-investigacion-en-historia-de-la-fotografia-que-se-celebraran-entre-el-27-y-el-29-de-octubre-proximos-en-zaragoza","status":"publish","type":"post","link":"http:\/\/fotoaragon.cesar.unizar.es\/?p=2466","title":{"rendered":"Convocatoria oficial de las IV Jornadas sobre Investigaci\u00f3n en Historia de la Fotograf\u00eda, que se celebrar\u00e1n entre el 27 y el 29 de octubre pr\u00f3ximos en Zaragoza."},"content":{"rendered":"<p><a href=\"http:\/\/fotoaragon.cesar.unizar.es\/wp-content\/uploads\/2021\/04\/artel-IV-baja.jpg\"><img loading=\"lazy\" decoding=\"async\" class=\"alignleft size-full wp-image-2485\" title=\"IV Jornadas sobre investigaci\u00f3n en historia de la fotograf\u00eda\" alt=\"\" src=\"http:\/\/fotoaragon.cesar.unizar.es\/wp-content\/uploads\/2021\/04\/artel-IV-baja.jpg\" width=\"750\" height=\"1202\" \/><\/a><a href=\"http:\/\/fotoaragon.cesar.unizar.es\/wp-content\/uploads\/2021\/04\/artel-IV.jpg\"><br \/>\n<\/a><\/p>\n<p>&nbsp;<\/p>\n<p>Presentamos el cartel y programa de las IV Jornadas sobre Investigaci\u00f3n en Historia de la Fotograf\u00eda,\u00a0organizadas por la Instituci\u00f3n Fernando el Cat\u00f3lico\u00a0y que celebraremos, Dios mediante, los pr\u00f3ximos 27 a 29 de octubre en Zaragoza.<\/p>\n<p><strong>Programa\u00a0y <em>\u00abcall of papers\u00bb<\/em> de las IV Jornadas:<\/strong><br \/>\n<a href=\"http:\/\/fotoaragon.cesar.unizar.es\/wp-content\/uploads\/2021\/04\/programa-IV.pdf\" target=\"_blank\"><img loading=\"lazy\" decoding=\"async\" alt=\"PDF\" src=\"http:\/\/fotoaragon.cesar.unizar.es\/wp-content\/uploads\/2012\/02\/DF1.jpg\" width=\"66\" height=\"89\" \/><\/a><\/p>\n","protected":false},"excerpt":{"rendered":"<p>&nbsp; Presentamos el cartel y programa de las IV Jornadas sobre Investigaci\u00f3n en Historia de la Fotograf\u00eda,\u00a0organizadas por la Instituci\u00f3n Fernando el Cat\u00f3lico\u00a0y que celebraremos, Dios mediante, los pr\u00f3ximos 27 a 29 de octubre en Zaragoza. Programa\u00a0y \u00abcall of papers\u00bb de las IV Jornadas:<\/p>\n","protected":false},"author":1,"featured_media":0,"comment_status":"open","ping_status":"open","sticky":false,"template":"","format":"standard","meta":{"footnotes":""},"categories":[1],"tags":[],"class_list":["post-2466","post","type-post","status-publish","format-standard","hentry","category-sin-categoria"],"_links":{"self":[{"href":"http:\/\/fotoaragon.cesar.unizar.es\/index.php?rest_route=\/wp\/v2\/posts\/2466","targetHints":{"allow":["GET"]}}],"collection":[{"href":"http:\/\/fotoaragon.cesar.unizar.es\/index.php?rest_route=\/wp\/v2\/posts"}],"about":[{"href":"http:\/\/fotoaragon.cesar.unizar.es\/index.php?rest_route=\/wp\/v2\/types\/post"}],"author":[{"embeddable":true,"href":"http:\/\/fotoaragon.cesar.unizar.es\/index.php?rest_route=\/wp\/v2\/users\/1"}],"replies":[{"embeddable":true,"href":"http:\/\/fotoaragon.cesar.unizar.es\/index.php?rest_route=%2Fwp%2Fv2%2Fcomments&post=2466"}],"version-history":[{"count":13,"href":"http:\/\/fotoaragon.cesar.unizar.es\/index.php?rest_route=\/wp\/v2\/posts\/2466\/revisions"}],"predecessor-version":[{"id":2486,"href":"http:\/\/fotoaragon.cesar.unizar.es\/index.php?rest_route=\/wp\/v2\/posts\/2466\/revisions\/2486"}],"wp:attachment":[{"href":"http:\/\/fotoaragon.cesar.unizar.es\/index.php?rest_route=%2Fwp%2Fv2%2Fmedia&parent=2466"}],"wp:term":[{"taxonomy":"category","embeddable":true,"href":"http:\/\/fotoaragon.cesar.unizar.es\/index.php?rest_route=%2Fwp%2Fv2%2Fcategories&post=2466"},{"taxonomy":"post_tag","embeddable":true,"href":"http:\/\/fotoaragon.cesar.unizar.es\/index.php?rest_route=%2Fwp%2Fv2%2Ftags&post=2466"}],"curies":[{"name":"wp","href":"https:\/\/api.w.org\/{rel}","templated":true}]}}