{"id":2425,"date":"2021-03-18T11:52:23","date_gmt":"2021-03-18T11:52:23","guid":{"rendered":"http:\/\/fotoaragon.cesar.unizar.es\/?p=2425"},"modified":"2021-03-18T12:34:28","modified_gmt":"2021-03-18T12:34:28","slug":"cabanas-de-cristal-galerias-de-retrato-y-estudios-de-fotografia-en-espana-nuevo-libro-de-maria-de-los-santos-garcia-felguera","status":"publish","type":"post","link":"http:\/\/fotoaragon.cesar.unizar.es\/?p=2425","title":{"rendered":"\u00abCaba\u00f1as de cristal: galer\u00edas de retrato y estudios de fotograf\u00eda en Espa\u00f1a\u00bb, nuevo libro de Mar\u00eda de los Santos Garc\u00eda Felguera"},"content":{"rendered":"<p style=\"text-align: left;\"><a href=\"http:\/\/fotoaragon.cesar.unizar.es\/wp-content\/uploads\/2021\/03\/antos-Felguera.jpg\"><img loading=\"lazy\" decoding=\"async\" class=\"alignleft size-full wp-image-2428\" style=\"width: 564px; height: 926px;\" alt=\"Santos Felguera\" src=\"http:\/\/fotoaragon.cesar.unizar.es\/wp-content\/uploads\/2021\/03\/antos-Felguera.jpg\" width=\"966\" height=\"1378\" \/><br \/>\n<\/a><\/p>\n<p>&nbsp;<\/p>\n<p>&nbsp;<\/p>\n<p>&nbsp;<\/p>\n<p>&nbsp;<\/p>\n<p>&nbsp;<\/p>\n<p>&nbsp;<\/p>\n<p>&nbsp;<\/p>\n<p>&nbsp;<\/p>\n<p>&nbsp;<\/p>\n<p>&nbsp;<\/p>\n<p>&nbsp;<\/p>\n<p>&nbsp;<\/p>\n<p>&nbsp;<\/p>\n<p>&nbsp;<\/p>\n<p>&nbsp;<\/p>\n<p>&nbsp;<\/p>\n<p>&nbsp;<\/p>\n<p>&nbsp;<\/p>\n<p>&nbsp;<\/p>\n<p>&nbsp;<\/p>\n<p>&nbsp;<\/p>\n<p>&nbsp;<\/p>\n<p>&nbsp;<\/p>\n<p>&nbsp;<\/p>\n<p>Hace unos d\u00edas, la infatigable\u00a0Mar\u00eda de los Santos Garc\u00eda Felguera, una de nuestras grandes especialistas espa\u00f1olas en el \u00e1mbito de la historia de la fotograf\u00eda, tuvo la generosidad de hacerme llegar un ejemplar de su documentad\u00edsimo estudio sobre las primeros gabinetes o estudios fotogr\u00e1ficos de retrato, que lleva por t\u00edtulo <em>Caba\u00f1as de cristal: galer\u00edas de retrato y estudios de fotograf\u00eda en Espa\u00f1a<\/em> y que ha sido editado recientemente por el Cabildo de La Palma, en su colecci\u00f3n Monograf\u00edas.<\/p>\n<p>Conociendo a la autora,\u00a0habitual de nuestras <em>Jornadas sobre Investigaci\u00f3n en Historia de la Fotograf\u00eda,<\/em> ya\u00a0desde su primera edici\u00f3n all\u00e1 por 2015,\u00a0no hace falta decir que su publicaci\u00f3n supone un avance sustancial en la investigaci\u00f3n sobre el tema.\u00a0Tanto por los numerosos e importantes datos in\u00e9ditos que aporta, como por la\u00a0cantidad de referencias bibliogr\u00e1ficas que maneja, as\u00ed\u00a0como\u00a0por su rigor y la amplitud de su mirada, el libro pasa a constituirse autom\u00e1ticamente en referencia obligada para el estudio de estos primeros gabinetes fotogr\u00e1ficos de retrato. Esas galer\u00edas acristaladas, <em>ateliers vitr\u00e9<\/em> o <em>skylight \u00a0studios,<\/em> seg\u00fan las diferentes acepciones francesa o anglosajona, que se construyeron desde la d\u00e9cada de 1840, inicialmente\u00a0en las azoteas de los edificios para aprovechar mejor la luz solar y de las que, felizmente, siglo y medio despu\u00e9s todav\u00eda sobreviven en pie algunos ejemplos no solo en Europa, Am\u00e9rica o la India, sino tambi\u00e9n en nuestro propio pa\u00eds (C\u00f3rdoba, Barcelona, Santa Cruz de La Palma&#8230;).<\/p>\n<p>Estoy seguro que la publicaci\u00f3n ser\u00e1 todo un \u00e9xito y que, con el tiempo, ver\u00e1 sucesivas ediciones.<\/p>\n<p>Jos\u00e9 Antonio Hern\u00e1ndez Latas<\/p>\n","protected":false},"excerpt":{"rendered":"<p>&nbsp; &nbsp; &nbsp; &nbsp; &nbsp; &nbsp; &nbsp; &nbsp; &nbsp; &nbsp; &nbsp; &nbsp; &nbsp; &nbsp; &nbsp; &nbsp; &nbsp; &nbsp; &nbsp; &nbsp; &nbsp; &nbsp; &nbsp; &nbsp; Hace unos d\u00edas, la infatigable\u00a0Mar\u00eda de los Santos Garc\u00eda Felguera, una de nuestras grandes especialistas espa\u00f1olas en el \u00e1mbito de la historia de la fotograf\u00eda, tuvo la generosidad de hacerme llegar [&hellip;]<\/p>\n","protected":false},"author":1,"featured_media":0,"comment_status":"open","ping_status":"open","sticky":false,"template":"","format":"standard","meta":{"footnotes":""},"categories":[1],"tags":[],"class_list":["post-2425","post","type-post","status-publish","format-standard","hentry","category-sin-categoria"],"_links":{"self":[{"href":"http:\/\/fotoaragon.cesar.unizar.es\/index.php?rest_route=\/wp\/v2\/posts\/2425","targetHints":{"allow":["GET"]}}],"collection":[{"href":"http:\/\/fotoaragon.cesar.unizar.es\/index.php?rest_route=\/wp\/v2\/posts"}],"about":[{"href":"http:\/\/fotoaragon.cesar.unizar.es\/index.php?rest_route=\/wp\/v2\/types\/post"}],"author":[{"embeddable":true,"href":"http:\/\/fotoaragon.cesar.unizar.es\/index.php?rest_route=\/wp\/v2\/users\/1"}],"replies":[{"embeddable":true,"href":"http:\/\/fotoaragon.cesar.unizar.es\/index.php?rest_route=%2Fwp%2Fv2%2Fcomments&post=2425"}],"version-history":[{"count":25,"href":"http:\/\/fotoaragon.cesar.unizar.es\/index.php?rest_route=\/wp\/v2\/posts\/2425\/revisions"}],"predecessor-version":[{"id":2454,"href":"http:\/\/fotoaragon.cesar.unizar.es\/index.php?rest_route=\/wp\/v2\/posts\/2425\/revisions\/2454"}],"wp:attachment":[{"href":"http:\/\/fotoaragon.cesar.unizar.es\/index.php?rest_route=%2Fwp%2Fv2%2Fmedia&parent=2425"}],"wp:term":[{"taxonomy":"category","embeddable":true,"href":"http:\/\/fotoaragon.cesar.unizar.es\/index.php?rest_route=%2Fwp%2Fv2%2Fcategories&post=2425"},{"taxonomy":"post_tag","embeddable":true,"href":"http:\/\/fotoaragon.cesar.unizar.es\/index.php?rest_route=%2Fwp%2Fv2%2Ftags&post=2425"}],"curies":[{"name":"wp","href":"https:\/\/api.w.org\/{rel}","templated":true}]}}