{"id":2256,"date":"2020-01-23T08:44:08","date_gmt":"2020-01-23T08:44:08","guid":{"rendered":"http:\/\/fotoaragon.unizar.es\/?p=2256"},"modified":"2020-01-23T10:06:00","modified_gmt":"2020-01-23T10:06:00","slug":"convocada-la-4a-edicion-de-la-conferencia-internacional-stereo-immersive-media-lisboa-18-20-de-junio-de-2020","status":"publish","type":"post","link":"http:\/\/fotoaragon.cesar.unizar.es\/?p=2256","title":{"rendered":"Convocada la 4\u00aa edici\u00f3n de la conferencia internacional \u00abStereo &#038; Immersive Media\u00bb, Lisboa, 18-20 de junio de 2020."},"content":{"rendered":"<p><a href=\"http:\/\/fotoaragon.cesar.unizar.es\/wp-content\/uploads\/2020\/01\/R-PC-1552.jpg\"><a href=\"http:\/\/fotoaragon.cesar.unizar.es\/wp-content\/uploads\/2020\/01\/artel-SIM-2020.jpg\"><img loading=\"lazy\" decoding=\"async\" class=\"alignleft size-full wp-image-2264\" alt=\"cartaz_S&amp;I2019_Vfinal\" src=\"http:\/\/fotoaragon.cesar.unizar.es\/wp-content\/uploads\/2020\/01\/artel-SIM-2020.jpg\" width=\"1701\" height=\"2161\" \/><\/a><br \/>\n<\/a><\/p>\n<p>&nbsp;<\/p>\n<p>&nbsp;<\/p>\n<p>CONVOCATORIA DE COMUNICACIONES \/ CALL FOR PAPERS<\/p>\n<p><span style=\"font-size: medium;\">4\u00aa Conferencia Internacional<i><br \/>\n<b>Stereo &amp; Immersive Media 20<\/b><b>20<br \/>\n<\/b>Investigaci\u00f3n en Fotograf\u00eda, Sonido y Cine<br \/>\n<b><br \/>\n<\/b><\/i><span style=\"font-size: small;\">Universidad Lus\u00f3fona, Lisboa, Portugal<\/span><\/span><br \/>\n<span style=\"font-size: small;\">Casa Estudio de Carlos Relvas, Goleg\u00e3, Portugal<\/span><br \/>\n<span style=\"font-size: small;\">18\u2014 20 de Junio de 2020<\/span><\/p>\n<p>La 4\u00aa <i>Conferencia <span style=\"font-size: small;\">Internacional<\/span> Stereo &amp; Immersive Media<\/i> pretende reunir investigadores, artistas, comisarios y conservadores de archivos que trabajen sobre los medios visuales y sonoros reconocibles por sus caracter\u00edsticas inmersivas.<\/p>\n<p>Las tecnolog\u00edas \u201cest\u00e9reo\u201d han venido a expandir el campo de lo fotogr\u00e1fico, de lo sonoro y de lo cinematogr\u00e1fico desde el siglo XIX, contribuyendo al nacimiento de una cultura medi\u00e1tica que es progresivamente inmersiva. Teniendo en cuenta que la inmersi\u00f3n se basa tanto en las nuevas tecnolog\u00edas como en medios antiguos, hoy desaparecidos, que una vez estimularon y ampliaron nuestra percepci\u00f3n, esta conferencia contempla una perspectiva hist\u00f3rica y cr\u00edtica sobre este tema. Tanto las nuevas tecnolog\u00edas, como las vistas estereosc\u00f3picas, el cine, la realidad virtual o los videojuegos, al mismo tiempo que profundizan la relaci\u00f3n humana con los mundos virtuales, tambi\u00e9n han hecho que la documentaci\u00f3n visual sea m\u00e1s atractiva, generando interpretaciones m\u00e1s ricas e inspiradoras de la realidad. Adem\u00e1s hay que tener en cuenta que algunas de estas tecnolog\u00edas se est\u00e1n utilizando y consideran vitales para remodelar nuestra percepci\u00f3n del patrimonio y para permitir nuevas lecturas y experiencias de museos de colecciones hist\u00f3ricas.<\/p>\n<p>La conferencia tendr\u00e1 lugar en la Universidad Lus\u00f3fona (Campo Grande, Lisboa) y Goleg\u00e3, en la Casa Estudio de Carlos Relvas, un impresionante estudio fotogr\u00e1fico del siglo XIX, absolutamente \u00fanico en el mundo y extremadamente bien conservado.<\/p>\n<p>La conferencia dar\u00e1 acogida a propuestas para la presentaci\u00f3n de textos dedicados a uno de los siguientes grandes temas:<\/p>\n<p>1- Fotograf\u00eda estereosc\u00f3pica y sus Culturas Visuales (siglos XIX &#8211; XX).<br \/>\n2- Arqueolog\u00edas de la Fotograf\u00eda, el Cine y el Sonido.<br \/>\n3- Historia Cient\u00edfica y Social de los Antiguos Medios Inmersivos.<br \/>\n4- Cine 3D, Realidad Virtual y Videojuegos.<br \/>\n5- Artes Medi\u00e1ticas e Inmersi\u00f3n.<br \/>\n6- Estudios de Sonido Urbano.<br \/>\n7- Rendimiento y Medios Visuales.<br \/>\n8 &#8211; Patrimonio Cultural y Era Digital.<\/p>\n<p><strong>La conferencia ofrece a los investigadores, que lo deseen, la posibilidad de proyectar sus presentaciones en 3D. Las im\u00e1genes digitalizadas para tales presentaciones deber\u00e1n remitirse a la organizaci\u00f3n antes del 18 de abril de 2020.<\/strong><\/p>\n<p>La conferencia incluye tambi\u00e9n visualizaci\u00f3n de pel\u00edculas en 3D. Las propuestas para la recepci\u00f3n de pel\u00edculas en 3D podr\u00e1n realizarse hasta el 15 de mayo de 2020.<\/p>\n<p>Los nombres de los ponentes invitados se pueden consultar en el sitio web de la conferencia: <a href=\"http:\/\/stereoimmersivemedia.ulusofona.pt\">http:\/\/stereoimmersivemedia.ulusofona.pt<\/a><\/p>\n<p>Fecha l\u00edmite para la entrega de Res\u00famenes: 17 de Febrero de 2020.<br \/>\nNotificaci\u00f3n de aceptaci\u00f3n: 2 de Marzo de 2020.<br \/>\nFecha l\u00edmite de registro, Early Bird: 31 de Marzo de 2020<br \/>\nPeriodo de registro tras el periodo Early Bird: 22 de Mayo de 2020<br \/>\nRegistro tard\u00edo: pagos despu\u00e9s de 22 de Mayo de 2020<\/p>\n<p>Los candidatos tendr\u00e1n la oportunidad de presentar art\u00edculos para su publicaci\u00f3n en el <i>International Journal on Stereo &amp; Immersive Media (<\/i><a href=\"https:\/\/revistas.ulusofona.pt\/index.php\/stereo\/issue\/archive\">https:\/\/revistas.ulusofona.pt\/index.php\/stereo\/issue\/archive<\/a><i>)<\/i>.<\/p>\n<p>Esta conferencia est\u00e1 organizada por Early Visual Media Lab del Centro de Investigaci\u00f3n CICANT\u00a0 de la Universidad Lus\u00f3fona de Humanidades y Tecnolog\u00edas, Lisboa.<\/p>\n<p>LUGARES DE CELEBRACI\u00d3N DE LA CONFERENCIA:<\/p>\n<p>Los dos primeros d\u00edas de la conferencia tendr\u00e1n lugar en las instalaciones de la Universidad Lus\u00f3fona en Lisboa. El \u00faltimo d\u00eda nos trasladaremos a Goleg\u00e3, donde se encuentra la Casa-Estudio Carlos Relvas, fot\u00f3grafo portugu\u00e9s del siglo XIX. El transporte ser\u00e1 organizado por la conferencia.<\/p>\n<p>Para cualquier duda o pregunta, dirigirse a stereoimmersivemedia@ulusofona.pt<\/p>\n","protected":false},"excerpt":{"rendered":"<p>&nbsp; &nbsp; CONVOCATORIA DE COMUNICACIONES \/ CALL FOR PAPERS 4\u00aa Conferencia Internacional Stereo &amp; Immersive Media 2020 Investigaci\u00f3n en Fotograf\u00eda, Sonido y Cine Universidad Lus\u00f3fona, Lisboa, Portugal Casa Estudio de Carlos Relvas, Goleg\u00e3, Portugal 18\u2014 20 de Junio de 2020 La 4\u00aa Conferencia Internacional Stereo &amp; Immersive Media pretende reunir investigadores, artistas, comisarios y conservadores [&hellip;]<\/p>\n","protected":false},"author":1,"featured_media":0,"comment_status":"open","ping_status":"open","sticky":false,"template":"","format":"standard","meta":{"footnotes":""},"categories":[1],"tags":[],"class_list":["post-2256","post","type-post","status-publish","format-standard","hentry","category-sin-categoria"],"_links":{"self":[{"href":"http:\/\/fotoaragon.cesar.unizar.es\/index.php?rest_route=\/wp\/v2\/posts\/2256","targetHints":{"allow":["GET"]}}],"collection":[{"href":"http:\/\/fotoaragon.cesar.unizar.es\/index.php?rest_route=\/wp\/v2\/posts"}],"about":[{"href":"http:\/\/fotoaragon.cesar.unizar.es\/index.php?rest_route=\/wp\/v2\/types\/post"}],"author":[{"embeddable":true,"href":"http:\/\/fotoaragon.cesar.unizar.es\/index.php?rest_route=\/wp\/v2\/users\/1"}],"replies":[{"embeddable":true,"href":"http:\/\/fotoaragon.cesar.unizar.es\/index.php?rest_route=%2Fwp%2Fv2%2Fcomments&post=2256"}],"version-history":[{"count":7,"href":"http:\/\/fotoaragon.cesar.unizar.es\/index.php?rest_route=\/wp\/v2\/posts\/2256\/revisions"}],"predecessor-version":[{"id":2265,"href":"http:\/\/fotoaragon.cesar.unizar.es\/index.php?rest_route=\/wp\/v2\/posts\/2256\/revisions\/2265"}],"wp:attachment":[{"href":"http:\/\/fotoaragon.cesar.unizar.es\/index.php?rest_route=%2Fwp%2Fv2%2Fmedia&parent=2256"}],"wp:term":[{"taxonomy":"category","embeddable":true,"href":"http:\/\/fotoaragon.cesar.unizar.es\/index.php?rest_route=%2Fwp%2Fv2%2Fcategories&post=2256"},{"taxonomy":"post_tag","embeddable":true,"href":"http:\/\/fotoaragon.cesar.unizar.es\/index.php?rest_route=%2Fwp%2Fv2%2Ftags&post=2256"}],"curies":[{"name":"wp","href":"https:\/\/api.w.org\/{rel}","templated":true}]}}