{"id":1333,"date":"2017-07-18T11:12:12","date_gmt":"2017-07-18T11:12:12","guid":{"rendered":"http:\/\/fotoaragon.unizar.es\/?p=1333"},"modified":"2017-10-05T08:15:17","modified_gmt":"2017-10-05T08:15:17","slug":"programa-definitivo-de-las-ii-jornadas-sobre-investigacion-en-historia-de-la-fotografia-zaragoza-25-a-27-de-octubre-de-2017","status":"publish","type":"post","link":"http:\/\/fotoaragon.cesar.unizar.es\/?p=1333","title":{"rendered":"Programa definitivo de las \u00abII Jornadas sobre Investigaci\u00f3n en Historia de la Fotograf\u00eda\u00bb, Zaragoza, 25 a 27 de octubre de 2017."},"content":{"rendered":"<p><a href=\"http:\/\/fotoaragon.cesar.unizar.es\/wp-content\/uploads\/2017\/07\/rograma-definitivo-II-Jornadas2.jpg\"><img loading=\"lazy\" decoding=\"async\" class=\"alignleft size-full wp-image-1365\" alt=\"fo-IIJorInvHisFoto-2.indd\" src=\"http:\/\/fotoaragon.cesar.unizar.es\/wp-content\/uploads\/2017\/07\/rograma-definitivo-II-Jornadas2.jpg\" width=\"1452\" height=\"1025\" \/><\/a><a href=\"http:\/\/fotoaragon.cesar.unizar.es\/wp-content\/uploads\/2017\/07\/rograma-definitivo-2b.jpg\"><br \/>\n<\/a><\/p>\n<p><a href=\"http:\/\/fotoaragon.cesar.unizar.es\/wp-content\/uploads\/2017\/07\/rograma-definitivo-II-Jornadas1.jpg\"><img loading=\"lazy\" decoding=\"async\" class=\"alignleft size-full wp-image-1364\" alt=\"fo-IIJorInvHisFoto-2.indd\" src=\"http:\/\/fotoaragon.cesar.unizar.es\/wp-content\/uploads\/2017\/07\/rograma-definitivo-II-Jornadas1.jpg\" width=\"1452\" height=\"1025\" \/><\/a><\/p>\n<p>&nbsp;<\/p>\n<p>Una vez llevada a cabo la selecci\u00f3n de las comunicaciones recibidas por parte del Comit\u00e9 Cient\u00edfico, presentamos el programa definitivo de las \u00abII Jornadas sobre Investigaci\u00f3n en Historia de la Fotograf\u00eda\u00bb\u00a0que celebraremos en Zaragoza entre el 25 y el 27 de octubre de 2017. El programa, que esperamos responda a las expectativas despertadas, se desarrollar\u00e1 a lo largo de tres jornadas completas, en las que tendr\u00e1 lugar la defensa de 6 ponencias,\u00a030 comunicaciones, 4 presentaciones de libros y\u00a01 exposici\u00f3n.<\/p>\n<p>La Direcci\u00f3n de estas II Jornadas, as\u00ed como los miembros del Comit\u00e9 Cient\u00edfico, deseamos agradecer expresamente a todos los investigadores\u00a0el inter\u00e9s que han mostrado por nuestras \u00abII Jornadas de Investigaci\u00f3n en Historia de la Fotograf\u00eda\u00bb con el env\u00edo de sus propuestas de comunicaciones.\u00a0De igual modo, solicitamos la comprensi\u00f3n de aquellos investigadores cuyas propuestas no han podido ser finalmente seleccionadas, ya que en esta ocasi\u00f3n el importante n\u00famero de propuestas recibidas, nada menos que 65, procedentes de diferentes pa\u00edses, \u00a0ha provocado que, a nuestro pesar, m\u00e1s de la mitad de las mismas haya quedado fuera del programa definitivo.<\/p>\n<p>En los pr\u00f3ximos d\u00edas se abrir\u00e1 la aplicaci\u00f3n para que investigadores y asistentes en general puedan formalizar la inscripci\u00f3n de su matr\u00edcula en la siguiente p\u00e1gina:<\/p>\n<p>http:\/\/ifc.dpz.es\/actividades\/cursos<br \/>\nLes esperamos en Zaragoza\u00a1\u00a1<\/p>\n<p>Jos\u00e9 Antonio Hern\u00e1ndez Latas<br \/>\nDirector de las II Jornadas<\/p>\n","protected":false},"excerpt":{"rendered":"<p>&nbsp; Una vez llevada a cabo la selecci\u00f3n de las comunicaciones recibidas por parte del Comit\u00e9 Cient\u00edfico, presentamos el programa definitivo de las \u00abII Jornadas sobre Investigaci\u00f3n en Historia de la Fotograf\u00eda\u00bb\u00a0que celebraremos en Zaragoza entre el 25 y el 27 de octubre de 2017. El programa, que esperamos responda a las expectativas despertadas, se [&hellip;]<\/p>\n","protected":false},"author":1,"featured_media":0,"comment_status":"open","ping_status":"open","sticky":false,"template":"","format":"standard","meta":{"footnotes":""},"categories":[1],"tags":[],"class_list":["post-1333","post","type-post","status-publish","format-standard","hentry","category-sin-categoria"],"_links":{"self":[{"href":"http:\/\/fotoaragon.cesar.unizar.es\/index.php?rest_route=\/wp\/v2\/posts\/1333","targetHints":{"allow":["GET"]}}],"collection":[{"href":"http:\/\/fotoaragon.cesar.unizar.es\/index.php?rest_route=\/wp\/v2\/posts"}],"about":[{"href":"http:\/\/fotoaragon.cesar.unizar.es\/index.php?rest_route=\/wp\/v2\/types\/post"}],"author":[{"embeddable":true,"href":"http:\/\/fotoaragon.cesar.unizar.es\/index.php?rest_route=\/wp\/v2\/users\/1"}],"replies":[{"embeddable":true,"href":"http:\/\/fotoaragon.cesar.unizar.es\/index.php?rest_route=%2Fwp%2Fv2%2Fcomments&post=1333"}],"version-history":[{"count":11,"href":"http:\/\/fotoaragon.cesar.unizar.es\/index.php?rest_route=\/wp\/v2\/posts\/1333\/revisions"}],"predecessor-version":[{"id":1357,"href":"http:\/\/fotoaragon.cesar.unizar.es\/index.php?rest_route=\/wp\/v2\/posts\/1333\/revisions\/1357"}],"wp:attachment":[{"href":"http:\/\/fotoaragon.cesar.unizar.es\/index.php?rest_route=%2Fwp%2Fv2%2Fmedia&parent=1333"}],"wp:term":[{"taxonomy":"category","embeddable":true,"href":"http:\/\/fotoaragon.cesar.unizar.es\/index.php?rest_route=%2Fwp%2Fv2%2Fcategories&post=1333"},{"taxonomy":"post_tag","embeddable":true,"href":"http:\/\/fotoaragon.cesar.unizar.es\/index.php?rest_route=%2Fwp%2Fv2%2Ftags&post=1333"}],"curies":[{"name":"wp","href":"https:\/\/api.w.org\/{rel}","templated":true}]}}