{"id":1150,"date":"2016-10-06T08:13:15","date_gmt":"2016-10-06T08:13:15","guid":{"rendered":"http:\/\/fotoaragon.unizar.es\/?p=1150"},"modified":"2016-10-06T09:47:26","modified_gmt":"2016-10-06T09:47:26","slug":"zaragoza-en-la-fotografia-estereoscopica-1850-1970","status":"publish","type":"post","link":"http:\/\/fotoaragon.cesar.unizar.es\/?p=1150","title":{"rendered":"Zaragoza en la fotograf\u00eda estereosc\u00f3pica (1850 &#8211; 1970)"},"content":{"rendered":"<p><a href=\"http:\/\/fotoaragon.cesar.unizar.es\/wp-content\/uploads\/2016\/10\/nvitacion-jpg.jpg\"><img loading=\"lazy\" decoding=\"async\" class=\"alignleft size-full wp-image-1152\" alt=\"Imprimir\" src=\"http:\/\/fotoaragon.cesar.unizar.es\/wp-content\/uploads\/2016\/10\/nvitacion-jpg.jpg\" width=\"1162\" height=\"704\" \/><\/a><\/p>\n<p><a href=\"http:\/\/fotoaragon.cesar.unizar.es\/wp-content\/uploads\/2016\/10\/nvitacion-jpg.jpg\"><br \/>\n<\/a><\/p>\n<p>El mi\u00e9rcoles d\u00eda 4 de octubre inauguramos la exposici\u00f3n <em>Zaragoza estereosc\u00f3pica. Fotograf\u00eda profesional y comercial (1850-1970)<\/em>,\u00a0en la que he venido trabajando desde hace alg\u00fan tiempo y que he comisariado\u00a0por encargo de la Vicerrectora de Actividades Culturales y Proyecci\u00f3n Social de la Universidad de Zaragoza, Yolanda Polo.<\/p>\n<p>Esta es la <em>Nota de Prensa<\/em>, confeccionada para la ocasi\u00f3n:<\/p>\n<p><em>ZARAGOZA ESTEREOSC\u00d3PICA<br \/>\nFOTOGRAF\u00cdA PROFESIONAL Y COMERCIAL (1850-1970)<\/em><\/p>\n<p>Cuando tras la Exposici\u00f3n Universal de Londres de 1851 un funcional y sencillo instrumento \u00f3ptico, bautizado como estereoscopio Brewster, facilit\u00f3 el hasta entonces complejo proceso de visualizaci\u00f3n de im\u00e1genes en tres dimensiones, los m\u00e1s inquietos y audaces de entre los profesionales de la fotograf\u00eda, tanto en Europa, como en Norteam\u00e9rica, comenzaron a experimentar, todav\u00eda con sus c\u00e1maras de un solo objetivo, en busca de esa ilusi\u00f3n de relieve que conced\u00eda a sus im\u00e1genes fotogr\u00e1ficas la percepci\u00f3n binocular. Ese ser\u00e1 el caso de algunos de nuestros pioneros locales de la fotograf\u00eda como Mariano J\u00fadez y Ortiz (1832-1874), y de otros que seguir\u00e1n sus pasos, como Anselmo (1830-1896) e Ignacio Coyne (1872-1912), Venancio Villas Langa o Constantino J. Gracia, entre otros.<\/p>\n<p>La heroica gesta de Los Sitios de Zaragoza (1808-1809), glosada por poetas de la talla de Lord Byron, provoc\u00f3 la admiraci\u00f3n de toda Europa y despert\u00f3 el inter\u00e9s de viajeros y fot\u00f3grafos por nuestra ciudad. Por ello, cuando los primeros fot\u00f3grafos franceses e ingleses se adentren en la pen\u00ednsula, generalmente camino de Andaluc\u00eda, har\u00e1n escala obligatoria en nuestra ciudad. Prestigiosos gabinetes galos como Ferrier et Soulier (1863-1864), Jean Laurent &amp; C\u00eda (1863 y 1877) y J. L\u00e9vy et. Cie. (1889), brit\u00e1nicos como Frank M. Good (1868-1869), e incluso austroh\u00fangaros como Alois Beer (1907-1910), dejar\u00e1n un valioso testimonio gr\u00e1fico de su presencia en las calles de nuestra ciudad a trav\u00e9s de sus series de fotograf\u00edas estereosc\u00f3picas.<\/p>\n<p>El comienzo del siglo XX ser\u00e1 testigo de la consolidaci\u00f3n del monopolio de la estereoscop\u00eda comercial en manos de las grandes compa\u00f1\u00edas norteamericanas, <i>Underwood &amp; Underwood<\/i> y <i>Keystone View Company<\/i>, que impondr\u00e1n sus tarjetas curvas o c\u00f3ncavas a base de exitosos esl\u00f3ganes publicitarios, innovadoras estrategias comerciales y sofisticados estuches en forma de libro -los populares <i>boxed sets-<\/i>. Sus desorbitantes cifras de producci\u00f3n y ventas, que alcanzaron en el caso de <i>Underwood &amp; Underwood<\/i> hasta los diez millones de unidades al a\u00f1o, llegaron pr\u00e1cticamente a saturar el mercado internacional. En nuestro pa\u00eds solo la editorial barcelonesa de Alberto Mart\u00edn se atrevi\u00f3 a desafiar su hegemon\u00eda, utilizando sus mismas armas para satisfacer la creciente demanda de iconograf\u00eda patria, con su exitosa serie denominada \u00abEl Turismo Pr\u00e1ctico\u00bb, comercializada durante las d\u00e9cadas de 1910 y 1920.<\/p>\n<p>A mediados de la d\u00e9cada de 1930 la fotograf\u00eda profesional estereosc\u00f3pica comenzaba a perder vigencia, convirti\u00e9ndose apenas en algo residual o testimonial. Fue entonces cuando irrumpi\u00f3 en escena la editorial Rellev, que dise\u00f1\u00f3 una nueva colecci\u00f3n de \u00abVistas Estereosc\u00f3picas de Espa\u00f1a\u00bb, m\u00e1s funcional y sobria, alejada de las ret\u00f3ricas finiseculares y pensada para tiempos modernos. La sorprendente calidad visual de sus tarjetas estereosc\u00f3picas y el dise\u00f1o minimalista de sus visores estereosc\u00f3picos constituyeron toda una lecci\u00f3n para los m\u00e1s esc\u00e9pticos. Gracias a ella, disponemos de un importante repertorio de im\u00e1genes de nuestra ciudad en los a\u00f1os inmediatos a la Guerra Civil.<\/p>\n<p>Por \u00faltimo, el inesperado resurgir de la fotograf\u00eda estereosc\u00f3pica en la llamada \u00abEra de los pl\u00e1sticos\u00bb, vendr\u00e1 de la mano, de nuevo, del gigante norteamericano y su popular\u00edsimo visor <i>View-Master<\/i>, al que los cordobeses de la empresa Arpa Color S.A. dar\u00e1n su r\u00e9plica castiza a comienzos de la d\u00e9cada de 1950. A Zaragoza dedicar\u00edan tres de sus discos con pares estereosc\u00f3picos de peque\u00f1o formato (16 mm).\u00a0 El mercado europeo, en cambio, ser\u00e1 cosa de las editoriales francesas, fundamentalmente <i>Lestrade<\/i> y <i>Brugui\u00e8re<\/i>, quienes marcar\u00e1n el paso durante la d\u00e9cada de 1960, gracias a la gran calidad de la pel\u00edcula <i>Kodachrome<\/i>. Ser\u00e1 entonces, cuando el ilerdense Jaime Calafell decida ponerse el mundo por montera y comience a inundar la costa del Mediterr\u00e1neo con sus grandes visores estereosc\u00f3picos, el\u00e9ctricos y de pago, conocidos con el nombre de \u00abMarte Visi\u00f3n\u00bb. Calafell hab\u00eda contra\u00eddo matrimonio con la zaragozana Carmen Pueyo Palacio y probablemente debido a esta feliz circunstancia nuestra ciudad fue la \u00fanica fuera de Catalu\u00f1a que pudo disfrutar de la instalaci\u00f3n, desde el a\u00f1o 1962, de sus grandes visores met\u00e1licos de llamativo color azul cielo. Gracias a ellos, muchos de los ni\u00f1os zaragozanos que frecuentaron el Parque Grande durante las d\u00e9cadas de 1960, 1970 y 1980, pudieron disfrutar de su primera experiencia con la estereoscop\u00eda.<\/p>\n<p><b>Exposici\u00f3n:<br \/>\n<\/b><em>ZARAGOZA ESTEREOSC\u00d3PICA. Fotograf\u00eda profesional y comercial (1850-1970)<\/em><\/p>\n<p><b>Lugar\u00a0 y fechas:<\/b><\/p>\n<p>Edificio Paraninfo, Plaza Basilio Para\u00edso s\/n<br \/>\nDel 4 de octubre de 2016 al 14 de enero de 2017<\/p>\n<p><b>Organiza:<\/b><\/p>\n<p>Vicerrectorado de Cultura y Proyecci\u00f3n Social<br \/>\nUniversidad de Zaragoza<\/p>\n<p><b>Comisario:<\/b><\/p>\n<p>Jos\u00e9 Antonio Hern\u00e1ndez Latas<br \/>\nInvestigador Araid<\/p>\n<p><b>Elementos materiales que integran la muestra:<\/b><\/p>\n<p>Alrededor de 250 fotograf\u00edas estereosc\u00f3picas de los siglos XIX y XX.<\/p>\n<p>Una selecci\u00f3n de c\u00e1maras, artefactos \u00f3pticos y visores estereosc\u00f3picos hist\u00f3ricos, desde 1860 hasta 1980, en n\u00famero de alrededor 60 piezas.<\/p>\n<p>Veinte visores estereosc\u00f3picos dispuestos para la visualizaci\u00f3n de cada una de las series expuestas por parte de los visitantes a la muestra<\/p>\n<p>Audiovisual con montaje de una selecci\u00f3n de las estereoscop\u00edas en animaci\u00f3n 3-D<\/p>\n<p><b>&#8212;&#8212;&#8212;&#8212;&#8212;&#8212;&#8212;&#8212;&#8212;&#8212;-<\/b><\/p>\n<p>La presente muestra es el fruto del trabajo de investigaci\u00f3n llevado a cabo a lo largo de varios a\u00f1os por su comisario, el investigador Araid, Jos\u00e9 Antonio Hern\u00e1ndez Latas, quien con la colaboraci\u00f3n y complicidad de m\u00e1s de una decena de coleccionistas privados de diferentes puntos de la geograf\u00eda espa\u00f1ola y de varias instituciones p\u00fablicas (locales, nacionales y europeas), ha conseguido reunir el m\u00e1s importante conjunto de materiales fotogr\u00e1ficos estereosc\u00f3picos recopilado hasta la fecha en nuestra tierra, de car\u00e1cter in\u00e9dito en su mayor parte, con el objeto de reivindicar el importante papel que nuestra ciudad, Zaragoza, ha venido ocupando en la historia de la fotograf\u00eda estereosc\u00f3pica durante los siglos XIX y XX.<\/p>\n<p>Acompa\u00f1ar\u00e1n al visitante en su \u00a0recorrido visual a trav\u00e9s de las im\u00e1genes estereosc\u00f3picas, una importante selecci\u00f3n de modelos hist\u00f3ricos de visores y c\u00e1maras estereosc\u00f3picas originales procedentes de la colecci\u00f3n de Francisco Boisset y Stella Ib\u00e1\u00f1ez, testimonio de la evoluci\u00f3n t\u00e9cnica y material de la industria de la estereoscop\u00eda.<\/p>\n<p>Pero, adem\u00e1s, el visitante podr\u00e1 disfrutar en primera persona de la experiencia de la percepci\u00f3n estereosc\u00f3pica o en relieve de las im\u00e1genes hist\u00f3ricas, gracias de la sucesi\u00f3n de una veintena de visores estereosc\u00f3picos dispuestos a lo largo de todo el recorrido y de un audiovisual con animaciones en 3-D, con el que lo culminar\u00e1.<\/p>\n","protected":false},"excerpt":{"rendered":"<p>El mi\u00e9rcoles d\u00eda 4 de octubre inauguramos la exposici\u00f3n Zaragoza estereosc\u00f3pica. Fotograf\u00eda profesional y comercial (1850-1970),\u00a0en la que he venido trabajando desde hace alg\u00fan tiempo y que he comisariado\u00a0por encargo de la Vicerrectora de Actividades Culturales y Proyecci\u00f3n Social de la Universidad de Zaragoza, Yolanda Polo. Esta es la Nota de Prensa, confeccionada para la [&hellip;]<\/p>\n","protected":false},"author":1,"featured_media":0,"comment_status":"open","ping_status":"open","sticky":false,"template":"","format":"standard","meta":{"footnotes":""},"categories":[1],"tags":[],"class_list":["post-1150","post","type-post","status-publish","format-standard","hentry","category-sin-categoria"],"_links":{"self":[{"href":"http:\/\/fotoaragon.cesar.unizar.es\/index.php?rest_route=\/wp\/v2\/posts\/1150","targetHints":{"allow":["GET"]}}],"collection":[{"href":"http:\/\/fotoaragon.cesar.unizar.es\/index.php?rest_route=\/wp\/v2\/posts"}],"about":[{"href":"http:\/\/fotoaragon.cesar.unizar.es\/index.php?rest_route=\/wp\/v2\/types\/post"}],"author":[{"embeddable":true,"href":"http:\/\/fotoaragon.cesar.unizar.es\/index.php?rest_route=\/wp\/v2\/users\/1"}],"replies":[{"embeddable":true,"href":"http:\/\/fotoaragon.cesar.unizar.es\/index.php?rest_route=%2Fwp%2Fv2%2Fcomments&post=1150"}],"version-history":[{"count":5,"href":"http:\/\/fotoaragon.cesar.unizar.es\/index.php?rest_route=\/wp\/v2\/posts\/1150\/revisions"}],"predecessor-version":[{"id":1184,"href":"http:\/\/fotoaragon.cesar.unizar.es\/index.php?rest_route=\/wp\/v2\/posts\/1150\/revisions\/1184"}],"wp:attachment":[{"href":"http:\/\/fotoaragon.cesar.unizar.es\/index.php?rest_route=%2Fwp%2Fv2%2Fmedia&parent=1150"}],"wp:term":[{"taxonomy":"category","embeddable":true,"href":"http:\/\/fotoaragon.cesar.unizar.es\/index.php?rest_route=%2Fwp%2Fv2%2Fcategories&post=1150"},{"taxonomy":"post_tag","embeddable":true,"href":"http:\/\/fotoaragon.cesar.unizar.es\/index.php?rest_route=%2Fwp%2Fv2%2Ftags&post=1150"}],"curies":[{"name":"wp","href":"https:\/\/api.w.org\/{rel}","templated":true}]}}